{"id":111742,"date":"2021-02-21T05:00:00","date_gmt":"2021-02-21T10:00:00","guid":{"rendered":"https:\/\/linitiative.ca\/International\/la-contestation-reprend-son-cours\/"},"modified":"2021-02-21T05:00:00","modified_gmt":"2021-02-21T10:00:00","slug":"la-contestation-reprend-son-cours","status":"publish","type":"post","link":"https:\/\/linitiative.ca\/International\/la-contestation-reprend-son-cours\/","title":{"rendered":"La contestation reprend son cours !"},"content":{"rendered":"<p class=\"c2\">La d\u00e9ception et la frustration sont l\u00e0 ! La col\u00e8re aussi ! Mais l\u2019espoir, lui, n\u2019a pas disparu. Il n\u2019a pas abandonn\u00e9 ceux qui le cultivent, le portent et continuent de l\u2019exprimer de la fa\u00e7on ultime qu\u2019ils auront trouv\u00e9e pour le faire ! Occuper la rue pour prolonger la contestation et exiger que l\u2019on corrige les travers qui persistent \u00e0 tirer le pays vers le bas et entretiennent l\u2019opacit\u00e9 dans laquelle il navigue. Au moment o\u00f9 je r\u00e9dige cette chronique, je ne sais pas encore comment les choses vont se passer, mais\u00a0 les h\u00e9licos charg\u00e9s de veiller au grain ont, quant \u00e0 eux, repris du service. Ils sillonnent de nouveau le ciel dans l\u2019assourdissante et indiscr\u00e8te surveillance du terrain que l\u2019on sait. Je ne sais pas quel sera l\u2019impact qu\u2019aura la comm\u00e9moration de ce deuxi\u00e8me anniversaire du Hirak sur la gestion d\u2019une crise dont on devrait mesurer les risques qu\u2019elle fait peser sur la stabilit\u00e9 du pays. Remanier, en partie, le gouvernement et reconduire \u00e0 la t\u00eate du nouveau celui cens\u00e9 s\u2019\u00eatre plant\u00e9 dans le choix de membres pr\u00e9c\u00e9dents ! Dissoudre l\u2019Assembl\u00e9e nationale et engager des \u00e9lections anticip\u00e9es en vue de remplacer les hommes et les femmes qui y officiaient jusque-l\u00e0. S\u2019engager \u00e0 op\u00e9rer une moralisation in\u00e9dite des profils qui s\u00e9vissent au sein d\u2019une chambre d\u2019enregistrement qui excelle dans le vote \u00e0 main lev\u00e9e pour tout ce que l\u2019on propose \u00e0 son assentiment. Remettre au boulot une chambre basse qui a pour tradition de ne pas trop se fouler la rate en faveur d\u2019\u00e9lecteurs qu\u2019elle est cens\u00e9e repr\u00e9senter.\u00a0<br \/>Des d\u00e9put\u00e9s qui, par ailleurs, ont trop \u00e0 faire et se fichent compl\u00e8tement de la mauvaise r\u00e9putation qu\u2019ils\u00a0 doivent aux affaires qu\u2019ils entreprennent en dehors de l\u2019h\u00e9micycle, quand ils ne commencent pas par r\u00e9clamer plus de privil\u00e8ges et des salaires plus cons\u00e9quents. On a annonc\u00e9 des gr\u00e2ces pr\u00e9sidentielles qui ont tout juste touch\u00e9 quelques d\u00e9tenus d\u2019opinion parmi ceux d\u00e9j\u00e0 condamn\u00e9s. Une gr\u00e2ce ! Pour confirmer que seule l\u2019expression tol\u00e9r\u00e9e est consid\u00e9r\u00e9e comme libre. Les autres d\u00e9tenus attendront, \u00e0 leur tour, d\u2019\u00eatre jug\u00e9s, pour avoir bouscul\u00e9 l\u2019image du syst\u00e8me, avant que leur cas soit soumis \u00e0 une potentielle mis\u00e9ricorde !<br \/><em><strong>M. B.\u00a0<\/strong><\/em><\/p>\n<p>Auteur:<br \/>\n<a href=\"https:\/\/www.lesoirdalgerie.com\/soit-dit-en-passant\/la-contestation-reprend-son-cours-56686\">Cliquez ici pour lire l&rsquo;article depuis sa source.<\/a><\/p>\n","protected":false},"excerpt":{"rendered":"<p>La d\u00e9ception et la frustration sont l\u00e0 ! La col\u00e8re aussi ! Mais l\u2019espoir, lui, n\u2019a pas disparu. Il n\u2019a pas abandonn\u00e9 ceux qui le cultivent, le portent et continuent de l\u2019exprimer de la fa\u00e7on ultime qu\u2019ils auront trouv\u00e9e pour le faire ! Occuper la rue pour prolonger la contestation et exiger que l\u2019on corrige [&hellip;]<\/p>\n","protected":false},"author":1741,"featured_media":0,"comment_status":"closed","ping_status":"closed","sticky":false,"template":"","format":"standard","meta":{"fifu_image_url":"","fifu_image_alt":"","footnotes":""},"categories":[73,53],"tags":[],"class_list":["post-111742","post","type-post","status-publish","format-standard","hentry","category-actualite","category-algerie"],"_links":{"self":[{"href":"https:\/\/linitiative.ca\/International\/wp-json\/wp\/v2\/posts\/111742","targetHints":{"allow":["GET"]}}],"collection":[{"href":"https:\/\/linitiative.ca\/International\/wp-json\/wp\/v2\/posts"}],"about":[{"href":"https:\/\/linitiative.ca\/International\/wp-json\/wp\/v2\/types\/post"}],"author":[{"embeddable":true,"href":"https:\/\/linitiative.ca\/International\/wp-json\/wp\/v2\/users\/1741"}],"replies":[{"embeddable":true,"href":"https:\/\/linitiative.ca\/International\/wp-json\/wp\/v2\/comments?post=111742"}],"version-history":[{"count":0,"href":"https:\/\/linitiative.ca\/International\/wp-json\/wp\/v2\/posts\/111742\/revisions"}],"wp:attachment":[{"href":"https:\/\/linitiative.ca\/International\/wp-json\/wp\/v2\/media?parent=111742"}],"wp:term":[{"taxonomy":"category","embeddable":true,"href":"https:\/\/linitiative.ca\/International\/wp-json\/wp\/v2\/categories?post=111742"},{"taxonomy":"post_tag","embeddable":true,"href":"https:\/\/linitiative.ca\/International\/wp-json\/wp\/v2\/tags?post=111742"}],"curies":[{"name":"wp","href":"https:\/\/api.w.org\/{rel}","templated":true}]}}