{"id":111744,"date":"2021-02-21T05:00:00","date_gmt":"2021-02-21T10:00:00","guid":{"rendered":"https:\/\/linitiative.ca\/International\/de-la-dimension-revolutionnaire-du-power-bank\/"},"modified":"2021-02-21T05:00:00","modified_gmt":"2021-02-21T10:00:00","slug":"de-la-dimension-revolutionnaire-du-power-bank","status":"publish","type":"post","link":"https:\/\/linitiative.ca\/International\/de-la-dimension-revolutionnaire-du-power-bank\/","title":{"rendered":"De la dimension r\u00e9volutionnaire du Power Bank !"},"content":{"rendered":"<p class=\"c2\">G\u00e2teaux, th\u00e9, caf\u00e9, gazouz, table basse, coussins et tapis au sol. Tout est d\u00e9j\u00e0 pr\u00eat chez \u2026<\/p>\n<p class=\"c2\"><strong>\u2026 Ali Benhadj !<\/strong><\/p>\n<p class=\"c2\">C\u2019est le joujou en vogue. Essayez de vous en procurer dans le commerce, peine perdue ! P\u00e9nurie sans pr\u00e9c\u00e9dent de Power Bank. La batterie de secours externe pour t\u00e9l\u00e9phones portables. En m\u00eame temps, je comprends parfaitement qu\u2019il y ait maintenant, ces derni\u00e8res heures, une telle tension sur le march\u00e9 du Power Bank. Savez-vous que dans un coin de chaque minist\u00e8re, un coin cach\u00e9 bien s\u00fbr, et dans le hall de l\u2019Assembl\u00e9e, bien en \u00e9vidence, parce que c\u2019est connu, \u00e0 l\u2019APN on ne nous cache jamais rien, il y a une statuette \u00e0 l\u2019effigie de l\u2019inventeur du Power Bank ? Ce g\u00e9nie providentiel re\u00e7oit tous les jours des \u00ab doua\u00e2 \u00bb et des<br \/>\u00ab hassanate \u00bb de la part de personnes encore toute \u00e9moustill\u00e9es de pouvoir tenir leurs portables sous tension permanente. Au sens propre et au sens figur\u00e9 ! Avant qu\u2019il ne surgisse de son laboratoire de recherches en criant \u00ab eur\u00eaka ! Je viens d\u2019inventer la batterie auxiliaire \u00bb &#8211; parce qu\u2019\u00e0 l\u2019\u00e9poque, il ne l\u2019avait pas encore baptis\u00e9e &#8211; les accros \u00e0 la charge de leurs appareils se trimballaient avec des batteries en double, voire en triple, voire m\u00eame plus pour ceux qui esp\u00e8rent qu\u2019on les appelle depuis l\u2019invention du \u2026 t\u00e9l\u00e9phone portable ! Ce qui m\u2019am\u00e8ne \u00e0 vous faire une autre r\u00e9v\u00e9lation. Dans un autre coin des minist\u00e8res et dans le restaurant de l\u2019Assembl\u00e9e, il y a une autre statue. Un bronze repr\u00e9sentant l\u2019inventeur du mobile ! Oui, je sais !<br \/>\u00c0 ce rythme de mes r\u00e9v\u00e9lations, vous allez finir par me demander si les minist\u00e8res et l\u2019APN ne sont<br \/>pas devenus des mus\u00e9es o\u00f9 sont expos\u00e9es des statues ? En quelque sorte, oui, si on observe la chose du point de vue de l\u2019animation et de la productivit\u00e9 qui y r\u00e8gnent ! Mais ce n\u2019est pas le sujet ! Le sujet, c\u2019est le Power Bank. Avec en toile de fond, cette question : comment faisaient les ministres et les d\u00e9put\u00e9s avant l\u2019invention du Power Bank ? Cette question, je l\u2019ai finalement pos\u00e9e \u00e0 un magistrat. J\u2019attends ! J\u2019attends ma convocation ! Tout en fumant du th\u00e9 pour rester \u00e9veill\u00e9 \u00e0 ce cauchemar qui continue.<br \/><em><strong>H. L.<\/strong><\/em><\/p>\n<p>Auteur:<br \/>\n<a href=\"https:\/\/www.lesoirdalgerie.com\/pousse-avec-eux\/de-la-dimension-revolutionnaire-du-power-bank-56684\">Cliquez ici pour lire l&rsquo;article depuis sa source.<\/a><\/p>\n","protected":false},"excerpt":{"rendered":"<p>G\u00e2teaux, th\u00e9, caf\u00e9, gazouz, table basse, coussins et tapis au sol. Tout est d\u00e9j\u00e0 pr\u00eat chez \u2026 \u2026 Ali Benhadj ! C\u2019est le joujou en vogue. Essayez de vous en procurer dans le commerce, peine perdue ! P\u00e9nurie sans pr\u00e9c\u00e9dent de Power Bank. La batterie de secours externe pour t\u00e9l\u00e9phones portables. En m\u00eame temps, je [&hellip;]<\/p>\n","protected":false},"author":1741,"featured_media":0,"comment_status":"closed","ping_status":"closed","sticky":false,"template":"","format":"standard","meta":{"fifu_image_url":"","fifu_image_alt":"","footnotes":""},"categories":[73,53],"tags":[],"class_list":["post-111744","post","type-post","status-publish","format-standard","hentry","category-actualite","category-algerie"],"_links":{"self":[{"href":"https:\/\/linitiative.ca\/International\/wp-json\/wp\/v2\/posts\/111744","targetHints":{"allow":["GET"]}}],"collection":[{"href":"https:\/\/linitiative.ca\/International\/wp-json\/wp\/v2\/posts"}],"about":[{"href":"https:\/\/linitiative.ca\/International\/wp-json\/wp\/v2\/types\/post"}],"author":[{"embeddable":true,"href":"https:\/\/linitiative.ca\/International\/wp-json\/wp\/v2\/users\/1741"}],"replies":[{"embeddable":true,"href":"https:\/\/linitiative.ca\/International\/wp-json\/wp\/v2\/comments?post=111744"}],"version-history":[{"count":0,"href":"https:\/\/linitiative.ca\/International\/wp-json\/wp\/v2\/posts\/111744\/revisions"}],"wp:attachment":[{"href":"https:\/\/linitiative.ca\/International\/wp-json\/wp\/v2\/media?parent=111744"}],"wp:term":[{"taxonomy":"category","embeddable":true,"href":"https:\/\/linitiative.ca\/International\/wp-json\/wp\/v2\/categories?post=111744"},{"taxonomy":"post_tag","embeddable":true,"href":"https:\/\/linitiative.ca\/International\/wp-json\/wp\/v2\/tags?post=111744"}],"curies":[{"name":"wp","href":"https:\/\/api.w.org\/{rel}","templated":true}]}}