{"id":111745,"date":"2021-02-21T05:00:00","date_gmt":"2021-02-21T10:00:00","guid":{"rendered":"https:\/\/linitiative.ca\/International\/quel-ressenti-devant-le-discours-de-tebboune\/"},"modified":"2021-02-21T05:00:00","modified_gmt":"2021-02-21T10:00:00","slug":"quel-ressenti-devant-le-discours-de-tebboune","status":"publish","type":"post","link":"https:\/\/linitiative.ca\/International\/quel-ressenti-devant-le-discours-de-tebboune\/","title":{"rendered":"Quel ressenti devant le discours de Tebboune ?"},"content":{"rendered":"<p class=\"c2\">Aujourd\u2019hui, on a d\u00e9cid\u00e9 que c\u2019\u00e9tait la Journ\u00e9e nationale de la d\u00e9contraction. S\u00fbr qu\u2019Abdelmadjid Tebboune appr\u00e9ciera ! On est dans le temps de l\u2019apaisement, yak ! Et j\u2019en profite pour surprendre et ma petite poign\u00e9e d\u2019amis et l\u2019immense arm\u00e9e de mes contempteurs en avouant avoir plut\u00f4t appr\u00e9ci\u00e9, bien que mod\u00e9r\u00e9ment, cette fa\u00e7on de retour de Tebboune. Je ne tourne pas la veste, je n\u2019en porte jamais. Eh oui ! Je trouve qu\u2019il a su prendre tout le monde de vitesse. Il s\u2019est arrang\u00e9 pour qu\u2019en un la\u00efus, il fasse d\u2019une certaine mani\u00e8re l\u2019\u00e9v\u00e9nement.<br \/>Mais je dois conc\u00e9der que son discours, l\u2019autre jour, \u00e0 l\u2019occasion de la Journ\u00e9e du chahid, \u00e9tait une entorse aux\u00a0 standards communicationnels les plus banals : bureau impersonnel, \u0153uvre picturale (probablement, un de ces Dinet qu\u2019on affectionne \u00e0 la pr\u00e9sidence) coup\u00e9e aux deux tiers par la cam\u00e9ra. Un d\u00e9corum d\u2019un ineffable kitsch\u00a0 en de\u00e7\u00e0 m\u00eame de ceux qui \u00e9taient familiers \u00e0 la RTA \u00e0 la fin des ann\u00e9es 1960. L\u2019image h\u00e2ve d\u2019un Boumedi\u00e8ne sur le petit \u00e9cran annon\u00e7ant, le 19 juin 1965, le \u00ab redressement\u00a0 r\u00e9volutionnaire \u00bb avait l\u2019excuse d\u2019\u00eatre au moins de son temps. Je sais que c\u2019est un peu forc\u00e9 comme comparaison, mais c\u2019est pour mieux d\u00e9plorer l\u2019insuffisance de recherche et l\u2019anachronisme concernant le d\u00e9cor.<br \/>Et puis, je ne sais pas, moi, mais ce bureau assez \u00e9troit, ces meubles ordinaires, tout cela concourt \u00e0 soup\u00e7onner que le lieu ne ressemble pas \u00e0 celui \u00e0 partir duquel les Pr\u00e9sidents alg\u00e9riens nous ont donn\u00e9 l\u2019habitude de palabrer. Il lui manquait ce quelque chose d\u2019ind\u00e9finissable qui souligne qu\u2019il s\u2019agit quand m\u00eame du Pr\u00e9sident. On avait l\u2019impression qu\u2019il causait \u00e0 partir d\u2019un bureau de chef de service, avec toute la consid\u00e9ration pour ce dernier aussi.<br \/>Il y a aussi la posture du Pr\u00e9sident pendant son discours. Assis derri\u00e8re son bureau, il donnait l\u2019impression qu\u2019il exp\u00e9diait, avec impassibilit\u00e9, une corv\u00e9e plus qu\u2019il ne d\u00e9livrait \u00ab un discours historique \u00bb, comme l\u2019\u00e9crit d\u00e9j\u00e0 la presse\u2026 adjectivale ou, si tu pr\u00e9f\u00e8res, superlative. A un moment donn\u00e9, saisi par la passion de ce qu\u2019il disait, sa main rythmait ses mots de tapotements sur la table. Ces petites ponctuations sonores pouvaient, par moments, occulter son discours.<br \/>Il y a encore \u00e0 dire sur la gestuelle, les lumi\u00e8res et tout ce qui fait qu\u2019une image est \u00e9tudi\u00e9e jusqu\u2019au moindre d\u00e9tail car le moindre d\u00e9tail parle aussi.<br \/>D\u2019abord, le discours lui-m\u00eame, ce qu\u2019il nous dit et ce qu\u2019il ne nous dit pas. Avant d\u2019essayer d\u2019en analyser quelques aspects, prenons-le au niveau du ressenti. On avait l\u2019impression, en l\u2019\u00e9coutant, que le Pr\u00e9sident \u00e9tait m\u00fb par le dessein de d\u00e9mentir le vieil adage qui pr\u00e9tend que perd sa place, celui qui va \u00e0 la chasse. Son absence pendant plusieurs mois pour cause de soins en Allemagne cons\u00e9cutifs \u00e0 la contamination par la Covid, coupl\u00e9e \u00e0 la confusion induite \u00e0 la fois par la pand\u00e9mie mondiale et par les remous locaux \u00e0 l\u2019int\u00e9rieur du s\u00e9rail alg\u00e9rien entra\u00een\u00e9s par le Hirak, a aliment\u00e9 les rumeurs les plus folles.<br \/>Mal \u00e9lu dans une conjoncture politique tumultueuse, pris dans le mouvement de balancier qui secoue les sph\u00e8res des galonn\u00e9s, notamment depuis le d\u00e9c\u00e8s du matador Ga\u00efd Salah, Abdelmadjid Tebboune paraissait d\u00e9poss\u00e9d\u00e9 d\u2019une partie du pouvoir pr\u00e9sidentiel. Ce \u00e0 quoi s\u2019ajoute une brouille impossible \u00e0 dissimuler avec le Premier ministre et une partie du gouvernement.<br \/>Tout cela laissait planer un air d\u2019incertitude absolue quant \u00e0 son retour aux affaires. Combien de fois ne l\u2019a-t-on pas dit inapte et physiquement et politiquement \u00e0 reprendre ses fonctions. Des commentateurs du Web, aliment\u00e9s sans doute de l\u2019int\u00e9rieur du syst\u00e8me, le donnaient m\u00eame pour fini et pronostiquaient comme impossible son retour.\u00a0 Eh bien, \u00e0 la surprise g\u00e9n\u00e9rale, il est revenu. Son discours de la Journ\u00e9e du chahid est un peu comme un nouveau d\u00e9part, mais dans une Alg\u00e9rie qui ne croit plus \u00e0 rien d\u2019autre qu\u2019au Hirak. Toutes les tentatives depuis un an d\u2019embastiller les meneurs du Hirak, de d\u00e9consid\u00e9rer le mouvement, ne l\u2019ont pas emp\u00each\u00e9 de reprendre et de plus belle, dans la tr\u00e8s patriotique et tr\u00e8s rurale Kherrata. Et maintenant, pour d\u00e9consid\u00e9rer m\u00eame ce retour du Harik sur sa terre natale, celle des martyrs, on prend les quelques carr\u00e9s de forcen\u00e9s islamistes qui ont voulu attirer l\u2019attention sur eux pour toute la manifestation. Le Hirak de Kherrata n\u2019est pas islamiste, pas plus que celui au niveau national !<br \/>Mais le Hirak, on le sent, on le sait, est un torrent qui se r\u00e9veillera \u00e0 la premi\u00e8re occasion. Abdelmadjid Tebboune le sait. C\u2019est pourquoi, pour essayer de faire red\u00e9marrer la machine politique qu\u2019est l\u2019Alg\u00e9rie, il y fait r\u00e9f\u00e9rence, en le traitant m\u00eame de b\u00e9ni, un peu comme s\u2019il en \u00e9tait l\u2019\u00e9manation.\u00a0 Cette \u00e9vocation du Hirak \u00e0 la veille du 22 f\u00e9vrier, deuxi\u00e8me anniversaire, est \u00e0 double signification. On pourrait la prendre pour un appel au Hirak, semblable \u00e0 celui de Chadli en septembre 1988, mais comme un appel pour un Hirak de son inspiration. Et on peut \u00e9galement l\u2019interpr\u00e9ter comme une conciliation destin\u00e9e \u00e0 emp\u00eacher sa r\u00e9\u00e9dition. Mais qu\u2019il dise que les exigences du Hirak ont \u00e9t\u00e9 en partie satisfaites n\u2019est pas de la premi\u00e8re v\u00e9rit\u00e9.<br \/>Reste le calendrier politique. Le cong\u00e9diement des d\u00e9put\u00e9s apr\u00e8s qu\u2019ils eurent rendu de sacr\u00e9s services n\u2019est bien s\u00fbr pas un acquis. Ils auraient d\u00fb partir en m\u00eame temps que Bouteflika. L\u2019\u00e9lection d\u2019une nouvelle Assembl\u00e9e nationale dans des conditions aussi floues est un ravalement de surface. Rendre la souverainet\u00e9 au peuple exige plus que le remplacement de vieux d\u00e9put\u00e9s de la chkara par des jeunes qui risquent de le devenir si un assainissement ne se produit pas.<br \/>Enfin, on se r\u00e9jouit de la gr\u00e2ce accord\u00e9e aux prisonniers d\u2019opinion. C\u2019est un geste d\u2019apaisement appr\u00e9ciable. Mais reconnaissons que ce sont moins les prisonniers que l\u2019on lib\u00e8re, qu\u2019 Abdelmadjid Tebboune, lui-m\u00eame affranchi de cette impasse.<br \/>Autrement, oui, c\u2019est la Journ\u00e9e de la d\u00e9contraction !<br \/><em><strong>A. M.<\/strong><\/em><\/p>\n<p>Auteur:<br \/>\n<a href=\"https:\/\/www.lesoirdalgerie.com\/ici-mieux-que-la-bas\/quel-ressenti-devant-le-discours-de-tebboune-56683\">Cliquez ici pour lire l&rsquo;article depuis sa source.<\/a><\/p>\n","protected":false},"excerpt":{"rendered":"<p>Aujourd\u2019hui, on a d\u00e9cid\u00e9 que c\u2019\u00e9tait la Journ\u00e9e nationale de la d\u00e9contraction. S\u00fbr qu\u2019Abdelmadjid Tebboune appr\u00e9ciera ! On est dans le temps de l\u2019apaisement, yak ! Et j\u2019en profite pour surprendre et ma petite poign\u00e9e d\u2019amis et l\u2019immense arm\u00e9e de mes contempteurs en avouant avoir plut\u00f4t appr\u00e9ci\u00e9, bien que mod\u00e9r\u00e9ment, cette fa\u00e7on de retour de [&hellip;]<\/p>\n","protected":false},"author":1741,"featured_media":0,"comment_status":"closed","ping_status":"closed","sticky":false,"template":"","format":"standard","meta":{"fifu_image_url":"","fifu_image_alt":"","footnotes":""},"categories":[73,53],"tags":[],"class_list":["post-111745","post","type-post","status-publish","format-standard","hentry","category-actualite","category-algerie"],"_links":{"self":[{"href":"https:\/\/linitiative.ca\/International\/wp-json\/wp\/v2\/posts\/111745","targetHints":{"allow":["GET"]}}],"collection":[{"href":"https:\/\/linitiative.ca\/International\/wp-json\/wp\/v2\/posts"}],"about":[{"href":"https:\/\/linitiative.ca\/International\/wp-json\/wp\/v2\/types\/post"}],"author":[{"embeddable":true,"href":"https:\/\/linitiative.ca\/International\/wp-json\/wp\/v2\/users\/1741"}],"replies":[{"embeddable":true,"href":"https:\/\/linitiative.ca\/International\/wp-json\/wp\/v2\/comments?post=111745"}],"version-history":[{"count":0,"href":"https:\/\/linitiative.ca\/International\/wp-json\/wp\/v2\/posts\/111745\/revisions"}],"wp:attachment":[{"href":"https:\/\/linitiative.ca\/International\/wp-json\/wp\/v2\/media?parent=111745"}],"wp:term":[{"taxonomy":"category","embeddable":true,"href":"https:\/\/linitiative.ca\/International\/wp-json\/wp\/v2\/categories?post=111745"},{"taxonomy":"post_tag","embeddable":true,"href":"https:\/\/linitiative.ca\/International\/wp-json\/wp\/v2\/tags?post=111745"}],"curies":[{"name":"wp","href":"https:\/\/api.w.org\/{rel}","templated":true}]}}