{"id":111748,"date":"2021-02-21T07:48:12","date_gmt":"2021-02-21T12:48:12","guid":{"rendered":"https:\/\/linitiative.ca\/International\/andre-azoulay-la-voie-est-desormais-ouverte-a-un-partenariat-de-la-nouvelle-generation\/"},"modified":"2021-02-21T07:48:12","modified_gmt":"2021-02-21T12:48:12","slug":"andre-azoulay-la-voie-est-desormais-ouverte-a-un-partenariat-de-la-nouvelle-generation","status":"publish","type":"post","link":"https:\/\/linitiative.ca\/International\/andre-azoulay-la-voie-est-desormais-ouverte-a-un-partenariat-de-la-nouvelle-generation\/","title":{"rendered":"Andr\u00e9 Azoulay : \u00ab la voie est d\u00e9sormais ouverte \u00e0 un partenariat de la nouvelle g\u00e9n\u00e9ration \u00bb"},"content":{"rendered":"<p><strong>La R\u00e9gion de B\u00e9ni Mellal-Kh\u00e9nifra, l\u2019Acad\u00e9mie R\u00e9gionale de l\u2019Education et de la Formation, l\u2019Association Essaouira-Mogador et le Centre de Recherches sur le Droit H\u00e9bra\u00efque au Maroc ont scell\u00e9 le samedi 20 mars \u00e0 B\u00e9ni Mellal une convention de partenariat. Le Conseiller de SM le Roi et Pr\u00e9sident-Fondateur de l\u2019Association Essaouira-Mogador, Andr\u00e9 Azoulay a mis en relief \u00ab\u00a0le caract\u00e8re pionnier et exemplaire de ce partenariat de la nouvelle g\u00e9n\u00e9ration pour la nouvelle marche marocaine de l\u2019\u00e9cole de la diversit\u00e9.<\/strong><\/p>\n<div class=\"c10\">\n<\/div>\n<p>Pour Andr\u00e9 Azoulay, \u00ab\u00a0d\u2019Essaouira \u00e0 B\u00e9ni Mellal et de B\u00e9ni Mellal aux autres R\u00e9gions du Maroc, la voie est d\u00e9sormais ouverte \u00e0 un partenariat de la nouvelle g\u00e9n\u00e9ration pour ancrer et partager avec le plus grand nombre les enseignements et la centralit\u00e9 de nos diversit\u00e9s culturelles, spirituelles et m\u00e9morielles\u00a0\u00bb. Le Conseiller de SM le Roi et Pr\u00e9sident-Fondateur de l\u2019Association Essaouira-Mogador, qui s\u2019exprimait le samedi 20 f\u00e9vrier \u00e0 Beni Mellal \u00e0 l\u2019occasion de la signature d\u2019une convention scellant un partenariat in\u00e9dit entre la R\u00e9gion de B\u00e9ni Mellal-Kh\u00e9nifra, l\u2019Acad\u00e9mie R\u00e9gionale de l\u2019Education et de la Formation, l\u2019Association Essaouira-Mogador et le Centre de Recherches sur le Droit H\u00e9bra\u00efque au Maroc, \u00a0a mis en exergue \u00ab\u00a0le caract\u00e8re pionnier et exemplaire de cette convention qui associe pour le m\u00eame objectif les \u00e9lus, le minist\u00e8re de l\u2019Education Nationale et la soci\u00e9t\u00e9 civile\u00a0\u00bb.\u00a0 A ses yeux, il s\u2019agit d\u2019un v\u00e9ritable tournant qui donne corps et r\u00e9alit\u00e9 au Momentum historique que vit le Maroc qui a choisi de reconna\u00eetre, enseigner et promouvoir la profondeur et la l\u00e9gitimit\u00e9 de nos histoires additionn\u00e9es et de nos m\u00e9moires m\u00eal\u00e9es.<\/p>\n<p><strong>Lire aussi|<a href=\"https:\/\/www.challenge.ma\/ledelweiss-du-souss-a-agadir-avec-sofia-le-golf-vient-peut-etre-de-trouver-sa-fleur-rare-175893\/\">L\u2019Edelweiss du Souss : \u00e0 Agadir, avec Sofia, le golf vient, peut-\u00eatre, de trouver sa fleur rare<\/a><\/strong><\/p>\n<p>Et de rappeler l\u2019exceptionnel impact national, r\u00e9gional et international de la pr\u00e9sence historique et embl\u00e9matique de SM le Roi \u00e0 Bayt Dakira le jour de son inauguration, le 15 janvier 2020 \u00e0 Essaouira.\u00a0 \u00ab\u00a0C\u2019est dans la m\u00eame perspective et la m\u00eame dynamique incarn\u00e9es et port\u00e9es par SM le Roi qu\u2019il faut contextualiser l\u2019initiative pionni\u00e8re et visionnaire de notre Souverain avec la mise en place des curricula scolaires qui enseignent l\u2019histoire du Juda\u00efsme Marocain qui a d\u00e9sormais sa place dans notre syst\u00e8me \u00e9ducatif\u00a0\u00bb, a-t-il ajout\u00e9.<\/p>\n<p>Andr\u00e9 Azoulay a \u00e9galement rappel\u00e9 que depuis le d\u00e9but du mois de f\u00e9vrier, plus d\u2019une centaine de Clubs du Dialogue et de la Coexistence ont \u00e9t\u00e9 cr\u00e9\u00e9s \u00e0 Essaouira et que c\u2019est la m\u00eame dynamique qui prend son \u00e9lan aujourd\u2019hui \u00e0 B\u00e9ni Mellal.\u00a0 \u00ab\u00a0Il nous revient maintenant de prendre la juste mesure de cet engagement volontariste, enthousiaste et citoyen de nos lyc\u00e9ens et coll\u00e9giens pour cette nouvelle marche marocaine salu\u00e9e tout autour de nous\u00a0\u00bb, a-t-il recommand\u00e9.<\/p>\n<p>Pour lui, \u00ab\u00a0l\u2019\u00c9cole marocaine de l\u2019art de vivre-ensemble trouve toute sa force, son \u00e9clat et sa profondeur alors que fleurissent ailleurs le repli, la culture du d\u00e9ni et l\u2019archa\u00efsme de la fracture\u00a0\u00bb.\u00a0<\/p>\n<p><strong>Lire aussi|<a href=\"https:\/\/www.challenge.ma\/mediateur-du-royaume-les-recommandes-phares-du-dernier-rapport-175929\/\">M\u00e9diateur du Royaume : les recommandations phares du dernier rapport<\/a><\/strong><\/p>\n<p>Auteur: challenge<br \/>\n<a href=\"https:\/\/www.challenge.ma\/andre-azoulay-la-voie-est-desormais-ouverte-a-un-partenariat-de-la-nouvelle-generation-175939\/\">Cliquez ici pour lire l&rsquo;article depuis sa source.<\/a><\/p>\n","protected":false},"excerpt":{"rendered":"<p>La R\u00e9gion de B\u00e9ni Mellal-Kh\u00e9nifra, l\u2019Acad\u00e9mie R\u00e9gionale de l\u2019Education et de la Formation, l\u2019Association Essaouira-Mogador et le Centre de Recherches sur le Droit H\u00e9bra\u00efque au Maroc ont scell\u00e9 le samedi 20 mars \u00e0 B\u00e9ni Mellal une convention de partenariat. Le Conseiller de SM le Roi et Pr\u00e9sident-Fondateur de l\u2019Association Essaouira-Mogador, Andr\u00e9 Azoulay a mis en [&hellip;]<\/p>\n","protected":false},"author":1787,"featured_media":0,"comment_status":"closed","ping_status":"closed","sticky":false,"template":"","format":"standard","meta":{"fifu_image_url":"","fifu_image_alt":"","footnotes":""},"categories":[78,54],"tags":[],"class_list":["post-111748","post","type-post","status-publish","format-standard","hentry","category-economie","category-maroc"],"_links":{"self":[{"href":"https:\/\/linitiative.ca\/International\/wp-json\/wp\/v2\/posts\/111748","targetHints":{"allow":["GET"]}}],"collection":[{"href":"https:\/\/linitiative.ca\/International\/wp-json\/wp\/v2\/posts"}],"about":[{"href":"https:\/\/linitiative.ca\/International\/wp-json\/wp\/v2\/types\/post"}],"author":[{"embeddable":true,"href":"https:\/\/linitiative.ca\/International\/wp-json\/wp\/v2\/users\/1787"}],"replies":[{"embeddable":true,"href":"https:\/\/linitiative.ca\/International\/wp-json\/wp\/v2\/comments?post=111748"}],"version-history":[{"count":0,"href":"https:\/\/linitiative.ca\/International\/wp-json\/wp\/v2\/posts\/111748\/revisions"}],"wp:attachment":[{"href":"https:\/\/linitiative.ca\/International\/wp-json\/wp\/v2\/media?parent=111748"}],"wp:term":[{"taxonomy":"category","embeddable":true,"href":"https:\/\/linitiative.ca\/International\/wp-json\/wp\/v2\/categories?post=111748"},{"taxonomy":"post_tag","embeddable":true,"href":"https:\/\/linitiative.ca\/International\/wp-json\/wp\/v2\/tags?post=111748"}],"curies":[{"name":"wp","href":"https:\/\/api.w.org\/{rel}","templated":true}]}}