{"id":111750,"date":"2021-02-21T14:32:11","date_gmt":"2021-02-21T19:32:11","guid":{"rendered":"https:\/\/linitiative.ca\/International\/algerie-tebboune-opere-un-remaniement-ministeriel\/"},"modified":"2021-02-21T14:32:11","modified_gmt":"2021-02-21T19:32:11","slug":"algerie-tebboune-opere-un-remaniement-ministeriel","status":"publish","type":"post","link":"https:\/\/linitiative.ca\/International\/algerie-tebboune-opere-un-remaniement-ministeriel\/","title":{"rendered":"Alg\u00e9rie\u00a0: Tebboune op\u00e8re un remaniement minist\u00e9riel"},"content":{"rendered":"<div class=\"post-cont-in left relative\">\n<div id=\"post-info-wrap\" class=\"left relative post-info-out\">\n<div class=\"post-info-img left relative\"><img loading=\"lazy\" decoding=\"async\" alt=\"\" src=\"https:\/\/secure.gravatar.com\/avatar\/047123be9d5e8513774383916ee72db2?s=50&amp;d=mm&amp;r=g\" srcset=\"https:\/\/secure.gravatar.com\/avatar\/047123be9d5e8513774383916ee72db2?s=100&amp;d=mm&amp;r=g 2x\" class=\"avatar avatar-50 photo\" height=\"50\" width=\"50\"\/><\/div>\n<div class=\"post-info-in\">\n<div class=\"post-info-right left relative post-info-name left relative\"><span><span class=\"post-info-text\">Par<\/span> <span class=\"author-name vcard fn author\"><a href=\"https:\/\/www.tunisienumerique.com\/author\/lm\/\" title=\"Articles par LM\" rel=\"author\">LM<\/a><\/span><\/span> <span class=\"post-date updated\"><time class=\"post-date updated\" datetime=\"2021-02-21\">\u00a0| Il y a 2 heures<\/time><\/span><br \/>\n<meta itemprop=\"dateModified\" content=\"2021-02-21\"\/><\/div>\n<div class=\"left relative\"><button id=\"listenButton1\" class=\"responsivevoice-button\" type=\"button\" value=\"Play\" title=\"\u00c9coutez l'article\"><span>\ud83d\udd0a \u00c9coutez l&rsquo;article<\/span><\/button>\n<\/div>\n<\/div>\n<\/div>\n<p>Le pr\u00e9sident\u00a0alg\u00e9rien Abdelmadjid Tebboune\u00a0a proc\u00e9d\u00e9 ce dimanche 21 f\u00e9vrier \u00e0 un remaniement partiel du gouvernement, comme il l\u2019avait annonc\u00e9 jeudi 18 f\u00e9vrier, dans son discours \u00e0 la nation.<\/p>\n<div class=\"code-block code-block-1 c4\">\n <ins class=\"adsbygoogle c3\" data-ad-layout=\"in-article\" data-ad-format=\"fluid\" data-ad-client=\"ca-pub-2102118777505746\" data-ad-slot=\"7301775417\"\/>\n<\/div>\n<p>Le chef de l\u2019\u00c9tat a maintenu Abdelaziz Djerad comme Premier ministre, mais il a limog\u00e9 Ferhat Ait Ali (Industrie), Abdelmadjid Attar (Energie), Arezki Berraki (Ressources en eau), Mohamed Hamidou (Tourisme), Nassira Benharrats (Environnement) et Farouk Chiali (Travaux publics).<\/p>\n<p>Il a nomm\u00e9 Mohamed Bacha \u00e0 la t\u00eate du d\u00e9partement de l\u2019Industrie, Mohamed Arkab au minist\u00e8re de l\u2019Energie et des mines, Kamel Nasri \u00e0 la t\u00eate des Travaux publics et des transports, Mustapha Kamel Mihoubi (Ressources en eau), Mohamed Ali Boughazi (Tourisme), Hocine Charhabil au d\u00e9partement de la Num\u00e9risation et des statistiques, Tarek Belaribi au minist\u00e8re de l\u2019Habitat et de l\u2019urbanisme, Dalila Boudjemaa (Environnement).<\/p>\n<p>Le pr\u00e9sident Tebboune a maintenu les autres ministres et le nouvel ex\u00e9cutif compte 36 membres entre ministres et secr\u00e9taires d\u2019\u00c9tat.<\/p>\n<div class=\"swp_social_panel swp_horizontal_panel swp_flat_fresh swp_default_full_color swp_individual_full_color swp_other_full_color scale-100 scale-\" data-min-width=\"1100\" data-float-color=\"#ffffff\" data-float=\"bottom\" data-float-mobile=\"bottom\" data-transition=\"slide\">\n<div class=\"nc_tweetContainer swp_share_button total_shares total_sharesalt\"><span class=\"swp_count\">3 <span class=\"swp_label\">Partages<\/span><\/span><\/div>\n<\/div>\n<p><strong>Que se passe-t-il en Tunisie?<\/strong><br \/>Nous expliquons sur notre <a href=\"https:\/\/www.youtube.com\/channel\/UCRzypVq0B_yBad5eGrwBx0Q?sub_confirmation=1\" target=\"_blank\" rel=\"noopener\">cha\u00eene YouTube<\/a> . <a href=\"https:\/\/www.youtube.com\/channel\/UCRzypVq0B_yBad5eGrwBx0Q?sub_confirmation=1\" target=\"_blank\" rel=\"noopener\">Abonnez-vous!<\/a><\/p>\n<div class=\"mvp-org-wrap\" itemprop=\"publisher\">\n<div class=\"mvp-org-logo\" itemprop=\"logo\"><img decoding=\"async\" src=\"https:\/\/www.tunisienumerique.com\/wp-content\/uploads\/2017\/02\/logo_tunisie_numerique.png\"\/><br \/>\n<meta itemprop=\"url\" content=\"https:\/\/www.tunisienumerique.com\/wp-content\/uploads\/2017\/02\/logo_tunisie_numerique.png\"\/><\/div>\n<p><meta content=\"Tunisie Num\u00e9rique\"\/><\/div>\n<div class=\"mvp-related-posts left relative\">\n<h4 class=\"post-header\"><span class=\"post-header\">Lire aussi<\/span><\/h4>\n<\/div>\n<div id=\"article-ad\">\n <ins class=\"adsbygoogle c5\" data-ad-client=\"ca-pub-2102118777505746\" data-ad-slot=\"6513972734\" data-ad-format=\"auto\" data-full-width-responsive=\"true\"\/>\n<\/div>\n<\/div>\n<div id=\"post-sidebar-wrap\">\n <ins class=\"adsbygoogle c5\" data-ad-client=\"ca-pub-2102118777505746\" data-ad-slot=\"6168283410\" data-ad-format=\"auto\" data-full-width-responsive=\"true\"\/>\n<\/div>\n<p>Auteur: LM<br \/>\n<a href=\"https:\/\/www.tunisienumerique.com\/algerie-tebboune-opere-un-remaniement-ministeriel\/\">Cliquez ici pour lire l&rsquo;article depuis sa source.<\/a><\/p>\n","protected":false},"excerpt":{"rendered":"<p>Par LM \u00a0| Il y a 2 heures \ud83d\udd0a \u00c9coutez l&rsquo;article Le pr\u00e9sident\u00a0alg\u00e9rien Abdelmadjid Tebboune\u00a0a proc\u00e9d\u00e9 ce dimanche 21 f\u00e9vrier \u00e0 un remaniement partiel du gouvernement, comme il l\u2019avait annonc\u00e9 jeudi 18 f\u00e9vrier, dans son discours \u00e0 la nation. Le chef de l\u2019\u00c9tat a maintenu Abdelaziz Djerad comme Premier ministre, mais il a limog\u00e9 Ferhat [&hellip;]<\/p>\n","protected":false},"author":1789,"featured_media":0,"comment_status":"closed","ping_status":"closed","sticky":false,"template":"","format":"standard","meta":{"fifu_image_url":"https:\/\/secure.gravatar.com\/avatar\/047123be9d5e8513774383916ee72db2?s=50&d=mm&r=g","fifu_image_alt":"Alg\u00e9rie\u00a0: Tebboune op\u00e8re un remaniement minist\u00e9riel","footnotes":""},"categories":[73,55],"tags":[],"class_list":["post-111750","post","type-post","status-publish","format-standard","hentry","category-actualite","category-tunisie"],"_links":{"self":[{"href":"https:\/\/linitiative.ca\/International\/wp-json\/wp\/v2\/posts\/111750","targetHints":{"allow":["GET"]}}],"collection":[{"href":"https:\/\/linitiative.ca\/International\/wp-json\/wp\/v2\/posts"}],"about":[{"href":"https:\/\/linitiative.ca\/International\/wp-json\/wp\/v2\/types\/post"}],"author":[{"embeddable":true,"href":"https:\/\/linitiative.ca\/International\/wp-json\/wp\/v2\/users\/1789"}],"replies":[{"embeddable":true,"href":"https:\/\/linitiative.ca\/International\/wp-json\/wp\/v2\/comments?post=111750"}],"version-history":[{"count":0,"href":"https:\/\/linitiative.ca\/International\/wp-json\/wp\/v2\/posts\/111750\/revisions"}],"wp:attachment":[{"href":"https:\/\/linitiative.ca\/International\/wp-json\/wp\/v2\/media?parent=111750"}],"wp:term":[{"taxonomy":"category","embeddable":true,"href":"https:\/\/linitiative.ca\/International\/wp-json\/wp\/v2\/categories?post=111750"},{"taxonomy":"post_tag","embeddable":true,"href":"https:\/\/linitiative.ca\/International\/wp-json\/wp\/v2\/tags?post=111750"}],"curies":[{"name":"wp","href":"https:\/\/api.w.org\/{rel}","templated":true}]}}