{"id":111751,"date":"2021-02-21T14:37:20","date_gmt":"2021-02-21T19:37:20","guid":{"rendered":"https:\/\/linitiative.ca\/International\/club-africain-qui-est-youssef-elmi-le-nouveau-president\/"},"modified":"2021-02-21T14:37:20","modified_gmt":"2021-02-21T19:37:20","slug":"club-africain-qui-est-youssef-elmi-le-nouveau-president","status":"publish","type":"post","link":"https:\/\/linitiative.ca\/International\/club-africain-qui-est-youssef-elmi-le-nouveau-president\/","title":{"rendered":"Club Africain : Qui est Youssef Elmi, le nouveau pr\u00e9sident ?"},"content":{"rendered":"<div class=\"post-cont-in left relative\">\n<div id=\"post-info-wrap\" class=\"left relative post-info-out\">\n<div class=\"post-info-img left relative\"><img loading=\"lazy\" decoding=\"async\" alt=\"\" src=\"https:\/\/secure.gravatar.com\/avatar\/e08a32c38bbac601a92c63c79d61b38d?s=50&amp;d=mm&amp;r=g\" srcset=\"https:\/\/secure.gravatar.com\/avatar\/e08a32c38bbac601a92c63c79d61b38d?s=100&amp;d=mm&amp;r=g 2x\" class=\"avatar avatar-50 photo\" height=\"50\" width=\"50\"\/><\/div>\n<div class=\"post-info-in\">\n<div class=\"post-info-right left relative post-info-name left relative\"><span itemprop=\"author\" itemscope=\"itemscope\" itemtype=\"https:\/\/schema.org\/Person\"><span class=\"post-info-text\">By<\/span> <span class=\"author-name vcard fn author\" itemprop=\"name\"><a href=\"https:\/\/sport.tunisienumerique.com\/author\/fakhreddine\/\" title=\"Articles par Fakhreddine Ben Malek\" rel=\"author\">Fakhreddine Ben Malek<\/a><\/span> <span class=\"author-twitter\"><a href=\"https:\/\/twitter.com\/Fakhr_Ben_Malek\" class=\"twitter-but\" target=\"_blank\" rel=\"noopener\"><\/span><\/span> <span class=\"post-date updated\"><time class=\"post-date updated\" itemprop=\"datePublished\" datetime=\"2021-02-21\">\u00a0| Il y a 2 heures<\/time><\/span><br \/>\n<meta itemprop=\"dateModified\" content=\"2021-02-21\"\/><\/div>\n<div class=\"left relative\"><button id=\"listenButton1\" class=\"responsivevoice-button\" type=\"button\" value=\"Play\" title=\"\u00c9coutez l'article\"><span>\ud83d\udd0a \u00c9coutez l&rsquo;article<\/span><\/button>\n<\/div>\n<\/div>\n<\/div>\n<div class=\"heateor_sss_sharing_container heateor_sss_horizontal_sharing\" heateor-sss-data-href=\"https:\/\/sport.tunisienumerique.com\/club-africain-qui-est-youssef-elmi-le-nouveau-president\/\" heateor-sss-no-counts=\"1\">\n<div class=\"heateor_sss_sharing_title c3\">Cet article vous a \u00e9t\u00e9 utile? Partagez le, il int\u00e9ressera d\u2019autres personnes. Merci!<\/div>\n<ul class=\"heateor_sss_sharing_ul\">\n<li class=\"heateorSssSharingRound\"><em alt=\"Facebook\" title=\"Facebook\" class=\"heateorSssSharing heateorSssFacebookBackground c4\" onclick=\"heateorSssPopup(&quot;https:\/\/www.facebook.com\/sharer\/sharer.php?u=https%3A%2F%2Fsport.tunisienumerique.com%2Fclub-africain-qui-est-youssef-elmi-le-nouveau-president%2F&quot;)\">\u00a0<\/em><\/li>\n<li class=\"heateorSssSharingRound\"><em alt=\"Twitter\" title=\"Twitter\" class=\"heateorSssSharing heateorSssTwitterBackground c4\" onclick=\"heateorSssPopup(&quot;http:\/\/twitter.com\/intent\/tweet?text=Club%20Africain%20%3A%20Qui%20est%20Youssef%20Elmi%2C%20le%20nouveau%20pr%C3%A9sident%20%3F&amp;url=https%3A%2F%2Fsport.tunisienumerique.com%2Fclub-africain-qui-est-youssef-elmi-le-nouveau-president%2F&quot;)\">\u00a0<\/em><\/li>\n<li class=\"heateorSssSharingRound\"><em alt=\"Linkedin\" title=\"Linkedin\" class=\"heateorSssSharing heateorSssLinkedinBackground c4\" onclick=\"heateorSssPopup(&quot;http:\/\/www.linkedin.com\/shareArticle?mini=true&amp;url=https%3A%2F%2Fsport.tunisienumerique.com%2Fclub-africain-qui-est-youssef-elmi-le-nouveau-president%2F&amp;title=Club%20Africain%20%3A%20Qui%20est%20Youssef%20Elmi%2C%20le%20nouveau%20pr%C3%A9sident%20%3F&quot;)\">\u00a0<\/em><\/li>\n<li class=\"heateorSssSharingRound\"><em alt=\"Google Gmail\" title=\"Google Gmail\" class=\"heateorSssSharing heateorSssGoogleGmailBackground c4\" onclick=\"heateorSssPopup(&quot;https:\/\/mail.google.com\/mail\/?ui=2&amp;view=cm&amp;fs=1&amp;tf=1&amp;su=Club%20Africain%20%3A%20Qui%20est%20Youssef%20Elmi%2C%20le%20nouveau%20pr%C3%A9sident%20%3F&amp;body=Link:https%3A%2F%2Fsport.tunisienumerique.com%2Fclub-africain-qui-est-youssef-elmi-le-nouveau-president%2F&quot;)\">\u00a0<\/em><\/li>\n<li class=\"heateorSssSharingRound\"><em alt=\"Whatsapp\" title=\"Whatsapp\" class=\"heateorSssSharing heateorSssWhatsappBackground c4\"><a href=\"https:\/\/api.whatsapp.com\/send?text=Club%20Africain%20%3A%20Qui%20est%20Youssef%20Elmi%2C%20le%20nouveau%20pr%C3%A9sident%20%3F%20https%3A%2F%2Fsport.tunisienumerique.com%2Fclub-africain-qui-est-youssef-elmi-le-nouveau-president%2F\" rel=\"nofollow noopener\" target=\"_blank\">\u00a0<\/a><\/em><\/li>\n<li class=\"heateorSssSharingRound\">\u00a0<\/li>\n<\/ul>\n<\/div>\n<p><\/p>\n<div class=\"\" data-block=\"true\" data-editor=\"8onbs\" data-offset-key=\"2m0rf-0-0\">\u00a0Youssef Elmi a \u00e9t\u00e9 \u00e9lu nouveau pr\u00e9sident du Club Africain \u00e0 l\u2019issue de l\u2019Assembl\u00e9e G\u00e9n\u00e9rale Elective tenue ce dimanche \u00e0 Tunis apr\u00e8s avoir a obtenu 1858 voix.<\/div>\n<div class=\"_1mf _1mj\" data-block=\"true\" data-editor=\"8onbs\" data-offset-key=\"5lls0-0-0\"><span data-offset-key=\"5lls0-0-0\">Youssef Almi est un homme d\u2019affaires qui avait rejoint le CA depuis l\u2019ann\u00e9e 2003 o\u00f9 il a \u00e9t\u00e9 charg\u00e9 des \u00e9quipes des cat\u00e9gories jeunes avant d\u2019occuper le poste de pr\u00e9sident de la section football pendant la saison 2014-2015 qui a vu la cons\u00e9cration du club de Bab Jedid en championnat pendant l\u2019\u00e8re de Slim Riahi.<\/span><\/div>\n<div class=\"_1mf _1mj\" data-block=\"true\" data-editor=\"8onbs\" data-offset-key=\"8rqr6-0-0\"><span data-offset-key=\"8rqr6-0-0\">Elmi a \u00e9t\u00e9 \u00e9galement \u00e9lu membre au bureau de la Ligue nationale de football professionnel en juin 2020 mais il a choisi de quitter son poste apr\u00e8s la pr\u00e9sentation de sa candidature \u00e0 la pr\u00e9sidence du Club Africain.<\/span><\/div>\n<p><\/p>\n<div class=\"heateor_sss_sharing_container heateor_sss_horizontal_sharing\" heateor-sss-data-href=\"https:\/\/sport.tunisienumerique.com\/club-africain-qui-est-youssef-elmi-le-nouveau-president\/\" heateor-sss-no-counts=\"1\">\n<div class=\"heateor_sss_sharing_title c3\">Cet article vous a \u00e9t\u00e9 utile? Partagez le, il int\u00e9ressera d\u2019autres personnes. Merci!<\/div>\n<ul class=\"heateor_sss_sharing_ul\">\n<li class=\"heateorSssSharingRound\"><em alt=\"Facebook\" title=\"Facebook\" class=\"heateorSssSharing heateorSssFacebookBackground c4\" onclick=\"heateorSssPopup(&quot;https:\/\/www.facebook.com\/sharer\/sharer.php?u=https%3A%2F%2Fsport.tunisienumerique.com%2Fclub-africain-qui-est-youssef-elmi-le-nouveau-president%2F&quot;)\">\u00a0<\/em><\/li>\n<li class=\"heateorSssSharingRound\"><em alt=\"Twitter\" title=\"Twitter\" class=\"heateorSssSharing heateorSssTwitterBackground c4\" onclick=\"heateorSssPopup(&quot;http:\/\/twitter.com\/intent\/tweet?text=Club%20Africain%20%3A%20Qui%20est%20Youssef%20Elmi%2C%20le%20nouveau%20pr%C3%A9sident%20%3F&amp;url=https%3A%2F%2Fsport.tunisienumerique.com%2Fclub-africain-qui-est-youssef-elmi-le-nouveau-president%2F&quot;)\">\u00a0<\/em><\/li>\n<li class=\"heateorSssSharingRound\"><em alt=\"Linkedin\" title=\"Linkedin\" class=\"heateorSssSharing heateorSssLinkedinBackground c4\" onclick=\"heateorSssPopup(&quot;http:\/\/www.linkedin.com\/shareArticle?mini=true&amp;url=https%3A%2F%2Fsport.tunisienumerique.com%2Fclub-africain-qui-est-youssef-elmi-le-nouveau-president%2F&amp;title=Club%20Africain%20%3A%20Qui%20est%20Youssef%20Elmi%2C%20le%20nouveau%20pr%C3%A9sident%20%3F&quot;)\">\u00a0<\/em><\/li>\n<li class=\"heateorSssSharingRound\"><em alt=\"Google Gmail\" title=\"Google Gmail\" class=\"heateorSssSharing heateorSssGoogleGmailBackground c4\" onclick=\"heateorSssPopup(&quot;https:\/\/mail.google.com\/mail\/?ui=2&amp;view=cm&amp;fs=1&amp;tf=1&amp;su=Club%20Africain%20%3A%20Qui%20est%20Youssef%20Elmi%2C%20le%20nouveau%20pr%C3%A9sident%20%3F&amp;body=Link:https%3A%2F%2Fsport.tunisienumerique.com%2Fclub-africain-qui-est-youssef-elmi-le-nouveau-president%2F&quot;)\">\u00a0<\/em><\/li>\n<li class=\"heateorSssSharingRound\"><em alt=\"Whatsapp\" title=\"Whatsapp\" class=\"heateorSssSharing heateorSssWhatsappBackground c4\"><a href=\"https:\/\/api.whatsapp.com\/send?text=Club%20Africain%20%3A%20Qui%20est%20Youssef%20Elmi%2C%20le%20nouveau%20pr%C3%A9sident%20%3F%20https%3A%2F%2Fsport.tunisienumerique.com%2Fclub-africain-qui-est-youssef-elmi-le-nouveau-president%2F\" rel=\"nofollow noopener\" target=\"_blank\">\u00a0<\/a><\/em><\/li>\n<li class=\"heateorSssSharingRound\">\u00a0<\/li>\n<\/ul>\n<\/div>\n<p><strong>Que se passe-t-il en Tunisie?<\/strong><br \/>Nous expliquons sur notre <a href=\"https:\/\/www.youtube.com\/channel\/UCRzypVq0B_yBad5eGrwBx0Q?sub_confirmation=1\" target=\"_blank\" rel=\"noopener\">cha\u00eene YouTube<\/a> . <a href=\"https:\/\/www.youtube.com\/channel\/UCRzypVq0B_yBad5eGrwBx0Q?sub_confirmation=1\" target=\"_blank\" rel=\"noopener\">Abonnez-vous!<\/a><\/p>\n<div class=\"mvp-org-wrap\" itemprop=\"publisher\" itemscope=\"itemscope\" itemtype=\"https:\/\/schema.org\/Organization\">\n<div class=\"mvp-org-logo\" itemprop=\"logo\" itemscope=\"itemscope\" itemtype=\"https:\/\/schema.org\/ImageObject\"><img decoding=\"async\" src=\"https:\/\/sport.tunisienumerique.com\/wp-content\/uploads\/2017\/05\/logo_tunisie_numerique.png\"\/><br \/>\n<meta itemprop=\"url\" content=\"https:\/\/sport.tunisienumerique.com\/wp-content\/uploads\/2017\/05\/logo_tunisie_numerique.png\"\/><\/div>\n<p><meta itemprop=\"name\" content=\"Sport By TN\"\/><\/div>\n<div class=\"mvp-related-posts left relative\">\n<h4 class=\"post-header\"><span class=\"post-header\">Lire aussi<\/span><\/h4>\n<\/div>\n<div id=\"article-ad\">\n <ins class=\"adsbygoogle c5\" data-ad-client=\"ca-pub-2102118777505746\" data-ad-slot=\"6513972734\" data-ad-format=\"auto\" data-full-width-responsive=\"true\"\/>\n<\/div>\n<\/div>\n<div id=\"post-sidebar-wrap\">\n <ins class=\"adsbygoogle c5\" data-ad-client=\"ca-pub-2102118777505746\" data-ad-slot=\"6513972734\" data-ad-format=\"auto\" data-full-width-responsive=\"true\"\/>\n<\/div>\n<p>Auteur:<br \/>\n<a href=\"https:\/\/sport.tunisienumerique.com\/club-africain-qui-est-youssef-elmi-le-nouveau-president\/\">Cliquez ici pour lire l&rsquo;article depuis sa source.<\/a><\/p>\n","protected":false},"excerpt":{"rendered":"<p>By Fakhreddine Ben Malek \u00a0| Il y a 2 heures \ud83d\udd0a \u00c9coutez l&rsquo;article Cet article vous a \u00e9t\u00e9 utile? Partagez le, il int\u00e9ressera d\u2019autres personnes. Merci! \u00a0 \u00a0 \u00a0 \u00a0 \u00a0 \u00a0 \u00a0Youssef Elmi a \u00e9t\u00e9 \u00e9lu nouveau pr\u00e9sident du Club Africain \u00e0 l\u2019issue de l\u2019Assembl\u00e9e G\u00e9n\u00e9rale Elective tenue ce dimanche \u00e0 Tunis apr\u00e8s avoir [&hellip;]<\/p>\n","protected":false},"author":1789,"featured_media":0,"comment_status":"closed","ping_status":"closed","sticky":false,"template":"","format":"standard","meta":{"fifu_image_url":"https:\/\/secure.gravatar.com\/avatar\/e08a32c38bbac601a92c63c79d61b38d?s=50&d=mm&r=g","fifu_image_alt":"Club Africain : Qui est Youssef Elmi, le nouveau pr\u00e9sident ?","footnotes":""},"categories":[73,55],"tags":[],"class_list":["post-111751","post","type-post","status-publish","format-standard","hentry","category-actualite","category-tunisie"],"_links":{"self":[{"href":"https:\/\/linitiative.ca\/International\/wp-json\/wp\/v2\/posts\/111751","targetHints":{"allow":["GET"]}}],"collection":[{"href":"https:\/\/linitiative.ca\/International\/wp-json\/wp\/v2\/posts"}],"about":[{"href":"https:\/\/linitiative.ca\/International\/wp-json\/wp\/v2\/types\/post"}],"author":[{"embeddable":true,"href":"https:\/\/linitiative.ca\/International\/wp-json\/wp\/v2\/users\/1789"}],"replies":[{"embeddable":true,"href":"https:\/\/linitiative.ca\/International\/wp-json\/wp\/v2\/comments?post=111751"}],"version-history":[{"count":0,"href":"https:\/\/linitiative.ca\/International\/wp-json\/wp\/v2\/posts\/111751\/revisions"}],"wp:attachment":[{"href":"https:\/\/linitiative.ca\/International\/wp-json\/wp\/v2\/media?parent=111751"}],"wp:term":[{"taxonomy":"category","embeddable":true,"href":"https:\/\/linitiative.ca\/International\/wp-json\/wp\/v2\/categories?post=111751"},{"taxonomy":"post_tag","embeddable":true,"href":"https:\/\/linitiative.ca\/International\/wp-json\/wp\/v2\/tags?post=111751"}],"curies":[{"name":"wp","href":"https:\/\/api.w.org\/{rel}","templated":true}]}}