{"id":111752,"date":"2021-02-21T15:46:54","date_gmt":"2021-02-21T20:46:54","guid":{"rendered":"https:\/\/linitiative.ca\/International\/tunisie-pourquoi-le-ministere-de-la-sante-salarme-alors-que-lepidemie-semble-sessouffler\/"},"modified":"2021-02-21T15:46:54","modified_gmt":"2021-02-21T20:46:54","slug":"tunisie-pourquoi-le-ministere-de-la-sante-salarme-alors-que-lepidemie-semble-sessouffler","status":"publish","type":"post","link":"https:\/\/linitiative.ca\/International\/tunisie-pourquoi-le-ministere-de-la-sante-salarme-alors-que-lepidemie-semble-sessouffler\/","title":{"rendered":"Tunisie \u2013 Pourquoi le minist\u00e8re de la sant\u00e9 s\u2019alarme alors que l\u2019\u00e9pid\u00e9mie semble s\u2019essouffler\u00a0?"},"content":{"rendered":"<div class=\"post-cont-in left relative\">\n<div id=\"post-info-wrap\" class=\"left relative post-info-out\">\n<div class=\"post-info-img left relative\"><img loading=\"lazy\" decoding=\"async\" alt=\"\" src=\"https:\/\/secure.gravatar.com\/avatar\/96253f4a657b482a18e837c1252096c2?s=50&amp;d=mm&amp;r=g\" srcset=\"https:\/\/secure.gravatar.com\/avatar\/96253f4a657b482a18e837c1252096c2?s=100&amp;d=mm&amp;r=g 2x\" class=\"avatar avatar-50 photo\" height=\"50\" width=\"50\"\/><\/div>\n<div class=\"post-info-in\">\n<div class=\"post-info-right left relative post-info-name left relative\"><span><span class=\"post-info-text\">Par<\/span> <span class=\"author-name vcard fn author\"><a href=\"https:\/\/www.tunisienumerique.com\/author\/saber\/\" title=\"Articles par Saber .\" rel=\"author\">Saber .<\/a><\/span><\/span> <span class=\"post-date updated\"><time class=\"post-date updated\" datetime=\"2021-02-21\">\u00a0| Il y a 1 heure<\/time><\/span><br \/>\n<meta itemprop=\"dateModified\" content=\"2021-02-21\"\/><\/div>\n<div class=\"left relative\"><button id=\"listenButton1\" class=\"responsivevoice-button\" type=\"button\" value=\"Play\" title=\"\u00c9coutez l'article\"><span>\ud83d\udd0a \u00c9coutez l&rsquo;article<\/span><\/button>\n<\/div>\n<\/div>\n<\/div>\n<p>Le ministre de la sant\u00e9, ainsi que son staff semblent d\u00e9noter avec leur alarmisme d\u00e9mesur\u00e9 par rapport \u00e0 une situation \u00e9pid\u00e9miologique qui donne l\u2019impression de s\u2019am\u00e9liorer \u00e0 vue d\u2019\u0153il. Pourquoi donc, et quel secret d\u00e9tiennent-ils que le commun des mortels ignorerait\u00a0?<\/p>\n<div class=\"code-block code-block-1 c4\">\n <ins class=\"adsbygoogle c3\" data-ad-layout=\"in-article\" data-ad-format=\"fluid\" data-ad-client=\"ca-pub-2102118777505746\" data-ad-slot=\"7301775417\"\/>\n<\/div>\n<p>Car ils doivent, bien, avoir raison de s\u2019alarmer de la sorte, puisqu\u2019ils ont le monopole des chiffres, les vrais, au contraire des citoyens qui ne disposent que de ce que le minist\u00e8re, justement, veut bien distiller, au compte gouttes, comme donn\u00e9es.<\/p>\n<p>Et s\u2019ils s\u2019affolent, malgr\u00e9 l\u2019embellie sur le plan \u00e9pid\u00e9miologique, c\u2019est que, forc\u00e9ment, cette embellie n\u2019est que poudre aux yeux. Car il ne faudrait pas se fier aux chiffres donn\u00e9s de fa\u00e7on quotidienne par le minist\u00e8re de la sant\u00e9, puisque ces chiffres cachent \u00e0 peine, les insuffisances et l\u2019incomp\u00e9tence de cette \u00e9quipe d\u2019amateurs qui apprend la gestion de la sant\u00e9 publique, aux d\u00e9pends des tunisiens, \u00e0 la faveur de la plus belle et la plus noble des r\u00e9volutions.<\/p>\n<p>Car, ce qu\u2019il faut savoir, c\u2019est qu\u2019en y regardant de plus pr\u00e8s, ces chiffres d\u00e9mentent l\u2019impression d\u2019am\u00e9lioration de la situation \u00e9pid\u00e9miologique. Et, quand bien m\u00eame, le nombre des nouveaux cas est en perdition de vitesse, cela est certainement imputable au fait que les tests virologiques pratiqu\u00e9s sont de moins en moins nombreux, ce qui se r\u00e9percute, forc\u00e9ment, sur le nombre des cas d\u00e9couverts.. Et si les tests sont moins nombreux c\u2019est parce que les tunisiens ne peuvent plus se permettre, financi\u00e8rement de payer 210 Dinars par personnes, pour d\u00e9pister les membres de leurs familles, et le minist\u00e8re n\u2019a pas suffisamment de kits pour proposer des tests gratuits comme il aurait du le faire, depuis le d\u00e9but.<\/p>\n<p>Ce qui fait qu\u2019effectivement, les cadres du minist\u00e8re de la sant\u00e9 ont raison de s\u2019inqui\u00e9ter, sauf qu\u2019ils n\u2019oseront jamais expliquer pourquoi. Ils reconnaitraient, ainsi leur faillite, et pourraient, m\u00eame, s\u2019exposer aux pires des sanctions, non pas seulement, judiciaires, mais surtout, populaires, avec la hargne d\u2019une population qui se sent bern\u00e9e et ballot\u00e9s comme des moins que rien\u00a0!<\/p>\n<div class=\"swp_social_panel swp_horizontal_panel swp_flat_fresh swp_default_full_color swp_individual_full_color swp_other_full_color scale-100 scale-\" data-min-width=\"1100\" data-float-color=\"#ffffff\" data-float=\"bottom\" data-float-mobile=\"bottom\" data-transition=\"slide\">\n<div class=\"nc_tweetContainer swp_share_button total_shares total_sharesalt\"><span class=\"swp_count\">3 <span class=\"swp_label\">Partages<\/span><\/span><\/div>\n<\/div>\n<p><strong>Que se passe-t-il en Tunisie?<\/strong><br \/>Nous expliquons sur notre <a href=\"https:\/\/www.youtube.com\/channel\/UCRzypVq0B_yBad5eGrwBx0Q?sub_confirmation=1\" target=\"_blank\" rel=\"noopener\">cha\u00eene YouTube<\/a> . <a href=\"https:\/\/www.youtube.com\/channel\/UCRzypVq0B_yBad5eGrwBx0Q?sub_confirmation=1\" target=\"_blank\" rel=\"noopener\">Abonnez-vous!<\/a><\/p>\n<div class=\"mvp-org-wrap\" itemprop=\"publisher\">\n<div class=\"mvp-org-logo\" itemprop=\"logo\"><img decoding=\"async\" src=\"https:\/\/www.tunisienumerique.com\/wp-content\/uploads\/2017\/02\/logo_tunisie_numerique.png\"\/><br \/>\n<meta itemprop=\"url\" content=\"https:\/\/www.tunisienumerique.com\/wp-content\/uploads\/2017\/02\/logo_tunisie_numerique.png\"\/><\/div>\n<p><meta content=\"Tunisie Num\u00e9rique\"\/><\/div>\n<div class=\"mvp-related-posts left relative\">\n<h4 class=\"post-header\"><span class=\"post-header\">Lire aussi<\/span><\/h4>\n<\/div>\n<div id=\"article-ad\">\n <ins class=\"adsbygoogle c5\" data-ad-client=\"ca-pub-2102118777505746\" data-ad-slot=\"6513972734\" data-ad-format=\"auto\" data-full-width-responsive=\"true\"\/>\n<\/div>\n<\/div>\n<div id=\"post-sidebar-wrap\">\n <ins class=\"adsbygoogle c5\" data-ad-client=\"ca-pub-2102118777505746\" data-ad-slot=\"6168283410\" data-ad-format=\"auto\" data-full-width-responsive=\"true\"\/>\n<\/div>\n<p>Auteur: Saber .<br \/>\n<a href=\"https:\/\/www.tunisienumerique.com\/tunisie-pourquoi-le-ministere-de-la-sante-salarme-alors-que-lepidemie-semble-sessouffler\/\">Cliquez ici pour lire l&rsquo;article depuis sa source.<\/a><\/p>\n","protected":false},"excerpt":{"rendered":"<p>Par Saber . \u00a0| Il y a 1 heure \ud83d\udd0a \u00c9coutez l&rsquo;article Le ministre de la sant\u00e9, ainsi que son staff semblent d\u00e9noter avec leur alarmisme d\u00e9mesur\u00e9 par rapport \u00e0 une situation \u00e9pid\u00e9miologique qui donne l\u2019impression de s\u2019am\u00e9liorer \u00e0 vue d\u2019\u0153il. Pourquoi donc, et quel secret d\u00e9tiennent-ils que le commun des mortels ignorerait\u00a0? Car ils [&hellip;]<\/p>\n","protected":false},"author":1789,"featured_media":0,"comment_status":"closed","ping_status":"closed","sticky":false,"template":"","format":"standard","meta":{"fifu_image_url":"https:\/\/secure.gravatar.com\/avatar\/96253f4a657b482a18e837c1252096c2?s=50&d=mm&r=g","fifu_image_alt":"Tunisie \u2013 Pourquoi le minist\u00e8re de la sant\u00e9 s\u2019alarme alors que l\u2019\u00e9pid\u00e9mie semble s\u2019essouffler\u00a0?","footnotes":""},"categories":[73,55],"tags":[],"class_list":["post-111752","post","type-post","status-publish","format-standard","hentry","category-actualite","category-tunisie"],"_links":{"self":[{"href":"https:\/\/linitiative.ca\/International\/wp-json\/wp\/v2\/posts\/111752","targetHints":{"allow":["GET"]}}],"collection":[{"href":"https:\/\/linitiative.ca\/International\/wp-json\/wp\/v2\/posts"}],"about":[{"href":"https:\/\/linitiative.ca\/International\/wp-json\/wp\/v2\/types\/post"}],"author":[{"embeddable":true,"href":"https:\/\/linitiative.ca\/International\/wp-json\/wp\/v2\/users\/1789"}],"replies":[{"embeddable":true,"href":"https:\/\/linitiative.ca\/International\/wp-json\/wp\/v2\/comments?post=111752"}],"version-history":[{"count":0,"href":"https:\/\/linitiative.ca\/International\/wp-json\/wp\/v2\/posts\/111752\/revisions"}],"wp:attachment":[{"href":"https:\/\/linitiative.ca\/International\/wp-json\/wp\/v2\/media?parent=111752"}],"wp:term":[{"taxonomy":"category","embeddable":true,"href":"https:\/\/linitiative.ca\/International\/wp-json\/wp\/v2\/categories?post=111752"},{"taxonomy":"post_tag","embeddable":true,"href":"https:\/\/linitiative.ca\/International\/wp-json\/wp\/v2\/tags?post=111752"}],"curies":[{"name":"wp","href":"https:\/\/api.w.org\/{rel}","templated":true}]}}