{"id":111753,"date":"2021-02-21T16:23:01","date_gmt":"2021-02-21T21:23:01","guid":{"rendered":"https:\/\/linitiative.ca\/International\/can-u20-la-tunisie-en-quarts-de-finale-malgre-la-defaite\/"},"modified":"2021-02-21T16:23:01","modified_gmt":"2021-02-21T21:23:01","slug":"can-u20-la-tunisie-en-quarts-de-finale-malgre-la-defaite","status":"publish","type":"post","link":"https:\/\/linitiative.ca\/International\/can-u20-la-tunisie-en-quarts-de-finale-malgre-la-defaite\/","title":{"rendered":"CAN U20 : La Tunisie en quarts de finale malgr\u00e9 la d\u00e9faite"},"content":{"rendered":"<div class=\"post-cont-in left relative\">\n<div id=\"post-info-wrap\" class=\"left relative post-info-out\">\n<div class=\"post-info-img left relative\"><img loading=\"lazy\" decoding=\"async\" alt=\"\" src=\"https:\/\/secure.gravatar.com\/avatar\/e08a32c38bbac601a92c63c79d61b38d?s=50&amp;d=mm&amp;r=g\" srcset=\"https:\/\/secure.gravatar.com\/avatar\/e08a32c38bbac601a92c63c79d61b38d?s=100&amp;d=mm&amp;r=g 2x\" class=\"avatar avatar-50 photo\" height=\"50\" width=\"50\"\/><\/div>\n<div class=\"post-info-in\">\n<div class=\"post-info-right left relative post-info-name left relative\"><span itemprop=\"author\" itemscope=\"itemscope\" itemtype=\"https:\/\/schema.org\/Person\"><span class=\"post-info-text\">By<\/span> <span class=\"author-name vcard fn author\" itemprop=\"name\"><a href=\"https:\/\/sport.tunisienumerique.com\/author\/fakhreddine\/\" title=\"Articles par Fakhreddine Ben Malek\" rel=\"author\">Fakhreddine Ben Malek<\/a><\/span> <span class=\"author-twitter\"><a href=\"https:\/\/twitter.com\/Fakhr_Ben_Malek\" class=\"twitter-but\" target=\"_blank\" rel=\"noopener\"><\/span><\/span> <span class=\"post-date updated\"><time class=\"post-date updated\" itemprop=\"datePublished\" datetime=\"2021-02-21\">\u00a0| Il y a 9 secondes<\/time><\/span><br \/>\n<meta itemprop=\"dateModified\" content=\"2021-02-21\"\/><\/div>\n<div class=\"left relative\"><button id=\"listenButton1\" class=\"responsivevoice-button\" type=\"button\" value=\"Play\" title=\"\u00c9coutez l'article\"><span>\ud83d\udd0a \u00c9coutez l&rsquo;article<\/span><\/button>\n<\/div>\n<\/div>\n<\/div>\n<div class=\"heateor_sss_sharing_container heateor_sss_horizontal_sharing\" heateor-sss-data-href=\"https:\/\/sport.tunisienumerique.com\/can-u20-la-tunisie-en-quarts-de-finale-malgre-la-defaite\/\">\n<div class=\"heateor_sss_sharing_title c4\">Cet article vous a \u00e9t\u00e9 utile? Partagez le, il int\u00e9ressera d\u2019autres personnes. Merci!<\/div>\n<ul class=\"heateor_sss_sharing_ul\">\n<li class=\"heateorSssSharingRound\"><em alt=\"Facebook\" title=\"Facebook\" class=\"heateorSssSharing heateorSssFacebookBackground c5\" onclick=\"heateorSssPopup(&quot;https:\/\/www.facebook.com\/sharer\/sharer.php?u=https%3A%2F%2Fsport.tunisienumerique.com%2Fcan-u20-la-tunisie-en-quarts-de-finale-malgre-la-defaite%2F&quot;)\">\u00a0<\/em><\/li>\n<li class=\"heateorSssSharingRound\"><em alt=\"Twitter\" title=\"Twitter\" class=\"heateorSssSharing heateorSssTwitterBackground c5\" onclick=\"heateorSssPopup(&quot;http:\/\/twitter.com\/intent\/tweet?text=CAN%20U20%20%3A%20La%20Tunisie%20en%20quarts%20de%20finale%20malgr%C3%A9%20la%20d%C3%A9faite&amp;url=https%3A%2F%2Fsport.tunisienumerique.com%2Fcan-u20-la-tunisie-en-quarts-de-finale-malgre-la-defaite%2F&quot;)\">\u00a0<\/em><\/li>\n<li class=\"heateorSssSharingRound\"><em alt=\"Linkedin\" title=\"Linkedin\" class=\"heateorSssSharing heateorSssLinkedinBackground c5\" onclick=\"heateorSssPopup(&quot;http:\/\/www.linkedin.com\/shareArticle?mini=true&amp;url=https%3A%2F%2Fsport.tunisienumerique.com%2Fcan-u20-la-tunisie-en-quarts-de-finale-malgre-la-defaite%2F&amp;title=CAN%20U20%20%3A%20La%20Tunisie%20en%20quarts%20de%20finale%20malgr%C3%A9%20la%20d%C3%A9faite&quot;)\">\u00a0<\/em><\/li>\n<li class=\"heateorSssSharingRound\"><em alt=\"Google Gmail\" title=\"Google Gmail\" class=\"heateorSssSharing heateorSssGoogleGmailBackground c5\" onclick=\"heateorSssPopup(&quot;https:\/\/mail.google.com\/mail\/?ui=2&amp;view=cm&amp;fs=1&amp;tf=1&amp;su=CAN%20U20%20%3A%20La%20Tunisie%20en%20quarts%20de%20finale%20malgr%C3%A9%20la%20d%C3%A9faite&amp;body=Link:https%3A%2F%2Fsport.tunisienumerique.com%2Fcan-u20-la-tunisie-en-quarts-de-finale-malgre-la-defaite%2F&quot;)\">\u00a0<\/em><\/li>\n<li class=\"heateorSssSharingRound\"><em alt=\"Whatsapp\" title=\"Whatsapp\" class=\"heateorSssSharing heateorSssWhatsappBackground c5\"><a href=\"https:\/\/web.whatsapp.com\/send?text=CAN%20U20%20%3A%20La%20Tunisie%20en%20quarts%20de%20finale%20malgr%C3%A9%20la%20d%C3%A9faite%20https%3A%2F%2Fsport.tunisienumerique.com%2Fcan-u20-la-tunisie-en-quarts-de-finale-malgre-la-defaite%2F\" rel=\"nofollow noopener\" target=\"_blank\">\u00a0<\/a><\/em><\/li>\n<li class=\"heateorSssSharingRound\">\u00a0<\/li>\n<\/ul>\n<\/div>\n<p>A la surprise g\u00e9n\u00e9rale, l\u2019\u00e9quipe de Tunisie s\u2019est inclin\u00e9e face \u00e0 la Centrafrique (2-1) en cl\u00f4ture du premier tour de la Coupe d\u2019Afrique des Nations des moins de 20 ans.<\/p>\n<p>Au bout de six minutes de jeu, la s\u00e9lection tunisienne \u00e9tait d\u00e9j\u00e0 men\u00e9e par deux buts \u00e0 z\u00e9ro \u00e0 la suite de deux r\u00e9alisations d\u2019Alfred Gombe-Fei et de Raphael Marc Yapende (5 et 6 mn).<\/p>\n<div class=\"code-block code-block-1 c7\">\n <ins class=\"adsbygoogle c6\" data-ad-layout=\"in-article\" data-ad-format=\"fluid\" data-ad-client=\"ca-pub-2102118777505746\" data-ad-slot=\"7301775417\"\/>\n<\/div>\n<p>Malgr\u00e9 les gros efforts fournis, seul Chiheb Laabidi a pu r\u00e9duire la marque pour les tunisiens en transformant un penalty \u00e0 la 24\u00e8me minute.<\/p>\n<p>Avec ces r\u00e9sultats, la Tunisie r\u00e9trograde \u00e0 la 3\u00e8me place du classement g\u00e9n\u00e9ral de son groupe, mais se qualifie pour les quarts de finale gr\u00e2ce aux places de meilleurs troisi\u00e8mes.<\/p>\n<p><\/p>\n<div class=\"heateor_sss_sharing_container heateor_sss_horizontal_sharing\" heateor-sss-data-href=\"https:\/\/sport.tunisienumerique.com\/can-u20-la-tunisie-en-quarts-de-finale-malgre-la-defaite\/\">\n<div class=\"heateor_sss_sharing_title c4\">Cet article vous a \u00e9t\u00e9 utile? Partagez le, il int\u00e9ressera d\u2019autres personnes. Merci!<\/div>\n<ul class=\"heateor_sss_sharing_ul\">\n<li class=\"heateorSssSharingRound\"><em alt=\"Facebook\" title=\"Facebook\" class=\"heateorSssSharing heateorSssFacebookBackground c5\" onclick=\"heateorSssPopup(&quot;https:\/\/www.facebook.com\/sharer\/sharer.php?u=https%3A%2F%2Fsport.tunisienumerique.com%2Fcan-u20-la-tunisie-en-quarts-de-finale-malgre-la-defaite%2F&quot;)\">\u00a0<\/em><\/li>\n<li class=\"heateorSssSharingRound\"><em alt=\"Twitter\" title=\"Twitter\" class=\"heateorSssSharing heateorSssTwitterBackground c5\" onclick=\"heateorSssPopup(&quot;http:\/\/twitter.com\/intent\/tweet?text=CAN%20U20%20%3A%20La%20Tunisie%20en%20quarts%20de%20finale%20malgr%C3%A9%20la%20d%C3%A9faite&amp;url=https%3A%2F%2Fsport.tunisienumerique.com%2Fcan-u20-la-tunisie-en-quarts-de-finale-malgre-la-defaite%2F&quot;)\">\u00a0<\/em><\/li>\n<li class=\"heateorSssSharingRound\"><em alt=\"Linkedin\" title=\"Linkedin\" class=\"heateorSssSharing heateorSssLinkedinBackground c5\" onclick=\"heateorSssPopup(&quot;http:\/\/www.linkedin.com\/shareArticle?mini=true&amp;url=https%3A%2F%2Fsport.tunisienumerique.com%2Fcan-u20-la-tunisie-en-quarts-de-finale-malgre-la-defaite%2F&amp;title=CAN%20U20%20%3A%20La%20Tunisie%20en%20quarts%20de%20finale%20malgr%C3%A9%20la%20d%C3%A9faite&quot;)\">\u00a0<\/em><\/li>\n<li class=\"heateorSssSharingRound\"><em alt=\"Google Gmail\" title=\"Google Gmail\" class=\"heateorSssSharing heateorSssGoogleGmailBackground c5\" onclick=\"heateorSssPopup(&quot;https:\/\/mail.google.com\/mail\/?ui=2&amp;view=cm&amp;fs=1&amp;tf=1&amp;su=CAN%20U20%20%3A%20La%20Tunisie%20en%20quarts%20de%20finale%20malgr%C3%A9%20la%20d%C3%A9faite&amp;body=Link:https%3A%2F%2Fsport.tunisienumerique.com%2Fcan-u20-la-tunisie-en-quarts-de-finale-malgre-la-defaite%2F&quot;)\">\u00a0<\/em><\/li>\n<li class=\"heateorSssSharingRound\"><em alt=\"Whatsapp\" title=\"Whatsapp\" class=\"heateorSssSharing heateorSssWhatsappBackground c5\"><a href=\"https:\/\/web.whatsapp.com\/send?text=CAN%20U20%20%3A%20La%20Tunisie%20en%20quarts%20de%20finale%20malgr%C3%A9%20la%20d%C3%A9faite%20https%3A%2F%2Fsport.tunisienumerique.com%2Fcan-u20-la-tunisie-en-quarts-de-finale-malgre-la-defaite%2F\" rel=\"nofollow noopener\" target=\"_blank\">\u00a0<\/a><\/em><\/li>\n<li class=\"heateorSssSharingRound\">\u00a0<\/li>\n<\/ul>\n<\/div>\n<p><strong>Que se passe-t-il en Tunisie?<\/strong><br \/>Nous expliquons sur notre <a href=\"https:\/\/www.youtube.com\/channel\/UCRzypVq0B_yBad5eGrwBx0Q?sub_confirmation=1\" target=\"_blank\" rel=\"noopener\">cha\u00eene YouTube<\/a> . <a href=\"https:\/\/www.youtube.com\/channel\/UCRzypVq0B_yBad5eGrwBx0Q?sub_confirmation=1\" target=\"_blank\" rel=\"noopener\">Abonnez-vous!<\/a><\/p>\n<div class=\"mvp-org-wrap\" itemprop=\"publisher\" itemscope=\"itemscope\" itemtype=\"https:\/\/schema.org\/Organization\">\n<div class=\"mvp-org-logo\" itemprop=\"logo\" itemscope=\"itemscope\" itemtype=\"https:\/\/schema.org\/ImageObject\"><img decoding=\"async\" src=\"https:\/\/sport.tunisienumerique.com\/wp-content\/uploads\/2017\/05\/logo_tunisie_numerique.png\"\/><br \/>\n<meta itemprop=\"url\" content=\"https:\/\/sport.tunisienumerique.com\/wp-content\/uploads\/2017\/05\/logo_tunisie_numerique.png\"\/><\/div>\n<p><meta itemprop=\"name\" content=\"Sport By TN\"\/><\/div>\n<div class=\"mvp-related-posts left relative\">\n<h4 class=\"post-header\"><span class=\"post-header\">Lire aussi<\/span><\/h4>\n<\/div>\n<div id=\"article-ad\">\n <ins class=\"adsbygoogle c8\" data-ad-client=\"ca-pub-2102118777505746\" data-ad-slot=\"6513972734\" data-ad-format=\"auto\" data-full-width-responsive=\"true\"\/>\n<\/div>\n<\/div>\n<div id=\"post-sidebar-wrap\">\n <ins class=\"adsbygoogle c8\" data-ad-client=\"ca-pub-2102118777505746\" data-ad-slot=\"6513972734\" data-ad-format=\"auto\" data-full-width-responsive=\"true\"\/>\n<\/div>\n<p>Auteur:<br \/>\n<a href=\"https:\/\/sport.tunisienumerique.com\/can-u20-la-tunisie-en-quarts-de-finale-malgre-la-defaite\/\">Cliquez ici pour lire l&rsquo;article depuis sa source.<\/a><\/p>\n","protected":false},"excerpt":{"rendered":"<p>By Fakhreddine Ben Malek \u00a0| Il y a 9 secondes \ud83d\udd0a \u00c9coutez l&rsquo;article Cet article vous a \u00e9t\u00e9 utile? Partagez le, il int\u00e9ressera d\u2019autres personnes. Merci! \u00a0 \u00a0 \u00a0 \u00a0 \u00a0 \u00a0 A la surprise g\u00e9n\u00e9rale, l\u2019\u00e9quipe de Tunisie s\u2019est inclin\u00e9e face \u00e0 la Centrafrique (2-1) en cl\u00f4ture du premier tour de la Coupe d\u2019Afrique [&hellip;]<\/p>\n","protected":false},"author":1789,"featured_media":0,"comment_status":"closed","ping_status":"closed","sticky":false,"template":"","format":"standard","meta":{"fifu_image_url":"https:\/\/secure.gravatar.com\/avatar\/e08a32c38bbac601a92c63c79d61b38d?s=50&d=mm&r=g","fifu_image_alt":"CAN U20 : La Tunisie en quarts de finale malgr\u00e9 la d\u00e9faite","footnotes":""},"categories":[73,55],"tags":[],"class_list":["post-111753","post","type-post","status-publish","format-standard","hentry","category-actualite","category-tunisie"],"_links":{"self":[{"href":"https:\/\/linitiative.ca\/International\/wp-json\/wp\/v2\/posts\/111753","targetHints":{"allow":["GET"]}}],"collection":[{"href":"https:\/\/linitiative.ca\/International\/wp-json\/wp\/v2\/posts"}],"about":[{"href":"https:\/\/linitiative.ca\/International\/wp-json\/wp\/v2\/types\/post"}],"author":[{"embeddable":true,"href":"https:\/\/linitiative.ca\/International\/wp-json\/wp\/v2\/users\/1789"}],"replies":[{"embeddable":true,"href":"https:\/\/linitiative.ca\/International\/wp-json\/wp\/v2\/comments?post=111753"}],"version-history":[{"count":0,"href":"https:\/\/linitiative.ca\/International\/wp-json\/wp\/v2\/posts\/111753\/revisions"}],"wp:attachment":[{"href":"https:\/\/linitiative.ca\/International\/wp-json\/wp\/v2\/media?parent=111753"}],"wp:term":[{"taxonomy":"category","embeddable":true,"href":"https:\/\/linitiative.ca\/International\/wp-json\/wp\/v2\/categories?post=111753"},{"taxonomy":"post_tag","embeddable":true,"href":"https:\/\/linitiative.ca\/International\/wp-json\/wp\/v2\/tags?post=111753"}],"curies":[{"name":"wp","href":"https:\/\/api.w.org\/{rel}","templated":true}]}}