{"id":111755,"date":"2021-02-21T15:08:24","date_gmt":"2021-02-21T20:08:24","guid":{"rendered":"https:\/\/linitiative.ca\/International\/limogeage-de-ministres-issus-des-rangs-de-la-cpc-en-rca-les-consequences-dun-divorce-mal-negocie\/"},"modified":"2021-02-21T15:08:24","modified_gmt":"2021-02-21T20:08:24","slug":"limogeage-de-ministres-issus-des-rangs-de-la-cpc-en-rca-les-consequences-dun-divorce-mal-negocie","status":"publish","type":"post","link":"https:\/\/linitiative.ca\/International\/limogeage-de-ministres-issus-des-rangs-de-la-cpc-en-rca-les-consequences-dun-divorce-mal-negocie\/","title":{"rendered":"LIMOGEAGE DE MINISTRES ISSUS DES RANGS DE LA CPC EN RCA : Les cons\u00e9quences d\u2019un divorce mal n\u00e9goci\u00e9"},"content":{"rendered":"<p class=\"c4\">Le divorce entre le pouvoir centrafricain et les groupes arm\u00e9s r\u00e9unis au sein de la Coalition des patriotes pour le changement (CPC), est d\u00e9finitivement consomm\u00e9. C\u2019est du moins, ce qu\u2019on est tent\u00e9 de dire au regard du limogeage, par d\u00e9cret pr\u00e9sidentiel, le 21 f\u00e9vrier dernier, des ministres issus des rangs de cette coalition. On se rappelle que ces ministres ainsi que d\u2019autres personnalit\u00e9s avaient \u00e9t\u00e9 nomm\u00e9s dans le gouvernement d\u2019union nationale et dans les cabinets du pr\u00e9sident de la R\u00e9publique et du Premier ministre, en mars 2019, au lendemain d\u2019un accord sign\u00e9 entre 14 groupes rebelles et le gouvernement centrafricain dans le cadre de la paix et de la r\u00e9conciliation.<\/p>\n<p class=\"c4\">En attendant d\u2019y voir plus clair, l\u2019on pourrait dire que ces limogeages ne sont ni plus ni moins que les cons\u00e9quences directes d\u2019un divorce mal n\u00e9goci\u00e9. On le sait, la prise d\u2019armes par les \u00e9l\u00e9ments de la CPC contre le pouvoir de Bangui, ne pouvait qu\u2019aboutir \u00e0 ce r\u00e9sultat. Car, on ne peut pas consommer un mariage \u00e0 moiti\u00e9. Soit les groupes arm\u00e9s de la CPC sont pour la paix et par cons\u00e9quent ils d\u00e9posent les armes, soit ils sont contre la paix et ils quittent le gouvernement. Certes, ces limogeages de personnalit\u00e9s n\u2019augurent rien de bon pour la Centrafrique, en ce sens qu\u2019ils risquent de d\u00e9chirer davantage le tissu social qui \u00e9tait d\u00e9j\u00e0 mis \u00e0 rude \u00e9preuve depuis que les groupes arm\u00e9s ont d\u00e9cid\u00e9 d\u2019emp\u00eacher la tenue du scrutin du 27 d\u00e9cembre 2020 par les armes. Mais c\u2019est peut-\u00eatre le moindre mal pour le pouvoir de Touadera, ne serait-ce que pour une question de coh\u00e9rence. La force d\u2019un gouvernement r\u00e9side dans sa coll\u00e9gialit\u00e9.\u00a0 Du reste, plus d\u2019un Centrafricain savait que c\u2019est ce qui manquait le plus au gouvernement de Firmin Ngrebada. On ne saurait chercher \u00e0 renverser un gouvernement dans lequel on a des repr\u00e9sentants, sans en subir les cons\u00e9quences, \u00e0 moins que ces derniers ne se d\u00e9solidarisent de leur base.<\/p>\n<p class=\"c4\"><strong>Ce mariage de la carpe et du lapin ne pouvait pas<\/strong> <strong>prosp\u00e9rer<\/strong><\/p>\n<p class=\"c4\">Or, dans le cas centrafricain, tout laisse croire que ce n\u2019est pas le cas. En tout cas, sauf erreur ou omission de notre part, on n\u2019a pas entendu un son de cloche contraire \u00e0 celui des mandants des personnalit\u00e9s limog\u00e9es.\u00a0 Et comme le dit l\u2019adage, <em>\u00ab\u00a0qui ne dit rien consent\u00a0<\/em>\u00bb. C\u2019est dire si les repr\u00e9sentants des groupes arm\u00e9s semblaient en phase avec leurs mentors. Autant dire que la confiance n\u2019\u00e9tait plus au rendez-vous. Or, un gouvernement ne saurait fonctionner correctement dans un climat de suspicion et de m\u00e9fiance. En v\u00e9rit\u00e9, ce mariage de la carpe et du lapin ne pouvait pas prosp\u00e9rer.<\/p>\n<p class=\"c4\">Cela dit, en se d\u00e9barrassant des repr\u00e9sentants des groupes arm\u00e9s, \u00e0 l\u2019exception de Hassa Bouda, ex-membre de l\u2019UPC, le pr\u00e9sident Faustin Archange Touadera joue gros. On est d\u2019autant plus fond\u00e9 \u00e0 le penser que les personnalit\u00e9s qui viennent d\u2019\u00eatre mises sur la touche, pourraient consid\u00e9rer leur limogeage comme un acte d\u2019humiliation. Rien que le fait d\u2019avoir perdu des privil\u00e8ges de ministres et autres hautes fonctions, peut les pousser \u00e0 nourrir des ressentiments contre le gouvernement centrafricain. L\u2019on en vient \u00e0 se demander alors si Touadera a bien pes\u00e9 le pour et le contre avant de prendre sa d\u00e9cision. A-t-il pris les dispositions n\u00e9cessaires pour emp\u00eacher ces d\u00e9sormais ex-ministres et ex-conseillers \u00e0 la pr\u00e9sidence et \u00e0 la primature, de nuire au fonctionnement\u00a0 des institutions de la r\u00e9publique\u00a0? Il faut l\u2019esp\u00e9rer. Autrement, il devra en payer le prix fort. Certes, le pr\u00e9sident centrafricain a le soutien de\u00a0 la communaut\u00e9 internationale mais force est de constater que 80% du territoire \u00e9chappe \u00e0 son contr\u00f4le. C\u2019est dire s\u2019il gagnerait plut\u00f4t \u00e0 jouer la carte de l\u2019apaisement.<\/p>\n<p class=\"c4\"><strong>\u00a0<\/strong><\/p>\n<p class=\"c4\"><strong>Dabadi ZOUMBARA<\/strong><\/p>\n<p class=\"c4\"><strong>\u00a0<\/strong><\/p>\n<p class=\"c4\"><em><strong>\u00a0<\/strong><\/em><\/p>\n<p class=\"c4\"><em><strong>\u00a0<\/strong><\/em><\/p>\n<p class=\"c4\"><em><strong>\u00a0<\/strong><\/em><\/p>\n<p class=\"c4\"><strong>\u00a0<\/strong><\/p>\n<p>Auteur: Le Pays<br \/>\n<a href=\"https:\/\/lepays.bf\/limogeage-de-ministres-issus-des-rangs-de-la-cpc-en-rca-les-consequences-dun-divorce-mal-negocie\/\">Cliquez ici pour lire l&rsquo;article depuis sa source.<\/a><\/p>\n","protected":false},"excerpt":{"rendered":"<p>Le divorce entre le pouvoir centrafricain et les groupes arm\u00e9s r\u00e9unis au sein de la Coalition des patriotes pour le changement (CPC), est d\u00e9finitivement consomm\u00e9. C\u2019est du moins, ce qu\u2019on est tent\u00e9 de dire au regard du limogeage, par d\u00e9cret pr\u00e9sidentiel, le 21 f\u00e9vrier dernier, des ministres issus des rangs de cette coalition. On se [&hellip;]<\/p>\n","protected":false},"author":1813,"featured_media":0,"comment_status":"closed","ping_status":"closed","sticky":false,"template":"","format":"standard","meta":{"fifu_image_url":"","fifu_image_alt":"","footnotes":""},"categories":[73,81],"tags":[],"class_list":["post-111755","post","type-post","status-publish","format-standard","hentry","category-actualite","category-burkina-faso"],"_links":{"self":[{"href":"https:\/\/linitiative.ca\/International\/wp-json\/wp\/v2\/posts\/111755","targetHints":{"allow":["GET"]}}],"collection":[{"href":"https:\/\/linitiative.ca\/International\/wp-json\/wp\/v2\/posts"}],"about":[{"href":"https:\/\/linitiative.ca\/International\/wp-json\/wp\/v2\/types\/post"}],"author":[{"embeddable":true,"href":"https:\/\/linitiative.ca\/International\/wp-json\/wp\/v2\/users\/1813"}],"replies":[{"embeddable":true,"href":"https:\/\/linitiative.ca\/International\/wp-json\/wp\/v2\/comments?post=111755"}],"version-history":[{"count":0,"href":"https:\/\/linitiative.ca\/International\/wp-json\/wp\/v2\/posts\/111755\/revisions"}],"wp:attachment":[{"href":"https:\/\/linitiative.ca\/International\/wp-json\/wp\/v2\/media?parent=111755"}],"wp:term":[{"taxonomy":"category","embeddable":true,"href":"https:\/\/linitiative.ca\/International\/wp-json\/wp\/v2\/categories?post=111755"},{"taxonomy":"post_tag","embeddable":true,"href":"https:\/\/linitiative.ca\/International\/wp-json\/wp\/v2\/tags?post=111755"}],"curies":[{"name":"wp","href":"https:\/\/api.w.org\/{rel}","templated":true}]}}