{"id":111756,"date":"2021-02-21T15:11:02","date_gmt":"2021-02-21T20:11:02","guid":{"rendered":"https:\/\/linitiative.ca\/International\/refus-de-ousmane-sonko-de-se-presenter-devant-la-commission-parlementaire-une-strategie-de-defense-contreproductive\/"},"modified":"2021-02-21T15:11:02","modified_gmt":"2021-02-21T20:11:02","slug":"refus-de-ousmane-sonko-de-se-presenter-devant-la-commission-parlementaire-une-strategie-de-defense-contreproductive","status":"publish","type":"post","link":"https:\/\/linitiative.ca\/International\/refus-de-ousmane-sonko-de-se-presenter-devant-la-commission-parlementaire-une-strategie-de-defense-contreproductive\/","title":{"rendered":"REFUS DE OUSMANE SONKO  DE SE PRESENTER DEVANT LA COMMISSION PARLEMENTAIRE : Une strat\u00e9gie de d\u00e9fense contreproductive"},"content":{"rendered":"<p class=\"c4\">Accus\u00e9 de viol et menaces de mort par une masseuse professionnelle,\u00a0 le d\u00e9put\u00e9 Ousmane Sonko, par ailleurs candidat malheureux \u00e0 la derni\u00e8re pr\u00e9sidentielle, est au bord de la d\u00e9ch\u00e9ance. C\u2019est le moins que l\u2019on puisse dire. Car, le patron du <em>Pastef<\/em>, qui avait refus\u00e9, dans un premier temps, de r\u00e9pondre \u00e0 la convocation de la gendarmerie nationale, est en passe de voir son immunit\u00e9 lev\u00e9e. En effet, la Commission parlementaire mise en place \u00e0 cet effet, d\u00e9bute ses travaux aujourd\u2019hui, 22 f\u00e9vrier 2021\u00a0; lesquels travaux doivent se poursuivre jusqu\u2019\u00e0 la convocation prochaine d\u2019une pl\u00e9ni\u00e8re au cours de laquelle sera vot\u00e9e la lev\u00e9e ou non de l\u2019immunit\u00e9 de celui-l\u00e0 qui est arriv\u00e9 troisi\u00e8me \u00e0 la derni\u00e8re pr\u00e9sidentielle et que d\u2019aucuns pr\u00e9sentent comme le poil \u00e0 gratter du pr\u00e9sident Macky Sall. En tout cas, le moins que l\u2019on puisse dire, c\u2019est que les jours \u00e0 venir s\u2019annoncent sombres pour Ousmane Sonko\u00a0; lui qui, on ne sait pour quelle raison, refuse, au nom de l\u2019immunit\u00e9 dont il b\u00e9n\u00e9ficie, de d\u00e9f\u00e9rer \u00e0 la convocation de la commission parlementaire. Son Conseil\u00a0\u00a0 justifie cela par le fait que la proc\u00e9dure en cours est \u00ab\u00a0<em>ill\u00e9gale\u00a0<\/em>\u00bb. Selon lui, le juge d\u2019instruction en charge du dossier, a saisi le parquet pour demander la lev\u00e9e de l\u2019immunit\u00e9 parlementaire de son client sans une enqu\u00eate pr\u00e9alable et ce, alors que la r\u00e9quisition visait X. Certes, la d\u00e9fense est dans son r\u00f4le. Mais, pour autant qu\u2019Ousmane Sonko n\u2019ait rien \u00e0 se reprocher, il gagnerait \u00e0 se faire entendre par ses coll\u00e8gues d\u00e9put\u00e9s plut\u00f4t que de jouer la carte de la victimisation. C\u2019est une strat\u00e9gie de d\u00e9fense pour le moins contreproductive qui laisse croire que l\u2019accus\u00e9 est en mal d\u2019arguments et qui, pour b\u00e9n\u00e9ficier de la sympathie de l\u2019opinion, crie \u00e0 la cabale politique quand bien m\u00eame il reconnait s\u2019\u00eatre attach\u00e9 les services d\u2019une masseuse professionnelle \u00e0 son domicile. Il faut le dire, Ousmane Sonko, pour reprendre les termes de l\u2019ex-pr\u00e9sident Abdoulaye Wade, a \u00ab\u00a0<em>p\u00e9ch\u00e9 par na\u00efvet\u00e9\u00a0<\/em>\u00bb.<\/p>\n<p class=\"c4\"><strong>Il ne fait pas bon \u00eatre opposant au <em>pays de la Teranga,<\/em> surtout sous l\u2019\u00e8re Macky Sall<\/strong><\/p>\n<p class=\"c4\">Car, en tant qu\u2019homme politique de sa trempe, tr\u00e8s critique vis-\u00e0-vis du pouvoir, il se devait de savoir que ses faits et gestes sont surveill\u00e9s et que la moindre erreur lui serait fatale. Il a donn\u00e9 des verges pour se faire fouetter tant et si bien que l\u2019on ne voit pas comment il pourrait se tirer d\u2019affaire dans cette histoire de m\u0153urs. D\u2019autant que la lev\u00e9e de son immunit\u00e9 qui semble \u00eatre une question de temps et de proc\u00e9dure, sera bient\u00f4t act\u00e9e et l\u2019homme qui se r\u00eavait d\u2019un destin national, pourrait ainsi se retrouver en prison. Cela dit, l\u2019affaire Ousmane Sonko offre l\u2019occasion de titiller un tant soit peu, le pr\u00e9sident s\u00e9n\u00e9galais Macky Sall \u00e0 qui il faudrait \u00e9viter de donner le bon Dieu sans\u00a0 confession. Car, le constat est fait que sous son magist\u00e8re, tous les opposants qui peuvent lui tailler des croupi\u00e8res, sont jet\u00e9s sans m\u00e9nagement en prison. Le premier a en avoir fait les frais, est Karim Wade qui, apr\u00e8s quelques ann\u00e9es pass\u00e9es derri\u00e8re les barreaux, a b\u00e9n\u00e9fici\u00e9 d\u2019un exil au Qatar, moyennant son \u00a0silence absolu face \u00e0 la gestion des affaires politiques au S\u00e9n\u00e9gal. S\u2019en est suivi le maire de Dakar, Khalifa Sall, qui en a vu des vertes et des pas m\u00fbres, accus\u00e9 qu\u2019il \u00e9tait d\u2019avoir d\u00e9tourn\u00e9 des deniers publics. Et vint enfin cette affaire de viol qui \u00e9clabousse un autre opposant et pas des moindres, en la personne d\u2019Ousmane Sonko qui a fait ses preuves lors de la derni\u00e8re pr\u00e9sidentielle. Comme quoi, \u00e0 l\u2019allure o\u00f9 vont les choses, il ne fait pas bon \u00eatre opposant au <em>pays de la Teranga,<\/em> surtout sous l\u2019\u00e8re Macky Sall.<\/p>\n<p class=\"c4\"><strong>Boundi OUOBA<\/strong><\/p>\n<p>Auteur: Le Pays<br \/>\n<a href=\"https:\/\/lepays.bf\/refus-de-ousmane-sonko-de-se-presenter-devant-la-commission-parlementaire-une-strategie-de-defense-contreproductive\/\">Cliquez ici pour lire l&rsquo;article depuis sa source.<\/a><\/p>\n","protected":false},"excerpt":{"rendered":"<p>Accus\u00e9 de viol et menaces de mort par une masseuse professionnelle,\u00a0 le d\u00e9put\u00e9 Ousmane Sonko, par ailleurs candidat malheureux \u00e0 la derni\u00e8re pr\u00e9sidentielle, est au bord de la d\u00e9ch\u00e9ance. C\u2019est le moins que l\u2019on puisse dire. Car, le patron du Pastef, qui avait refus\u00e9, dans un premier temps, de r\u00e9pondre \u00e0 la convocation de la [&hellip;]<\/p>\n","protected":false},"author":1813,"featured_media":0,"comment_status":"closed","ping_status":"closed","sticky":false,"template":"","format":"standard","meta":{"fifu_image_url":"","fifu_image_alt":"","footnotes":""},"categories":[73,81],"tags":[],"class_list":["post-111756","post","type-post","status-publish","format-standard","hentry","category-actualite","category-burkina-faso"],"_links":{"self":[{"href":"https:\/\/linitiative.ca\/International\/wp-json\/wp\/v2\/posts\/111756","targetHints":{"allow":["GET"]}}],"collection":[{"href":"https:\/\/linitiative.ca\/International\/wp-json\/wp\/v2\/posts"}],"about":[{"href":"https:\/\/linitiative.ca\/International\/wp-json\/wp\/v2\/types\/post"}],"author":[{"embeddable":true,"href":"https:\/\/linitiative.ca\/International\/wp-json\/wp\/v2\/users\/1813"}],"replies":[{"embeddable":true,"href":"https:\/\/linitiative.ca\/International\/wp-json\/wp\/v2\/comments?post=111756"}],"version-history":[{"count":0,"href":"https:\/\/linitiative.ca\/International\/wp-json\/wp\/v2\/posts\/111756\/revisions"}],"wp:attachment":[{"href":"https:\/\/linitiative.ca\/International\/wp-json\/wp\/v2\/media?parent=111756"}],"wp:term":[{"taxonomy":"category","embeddable":true,"href":"https:\/\/linitiative.ca\/International\/wp-json\/wp\/v2\/categories?post=111756"},{"taxonomy":"post_tag","embeddable":true,"href":"https:\/\/linitiative.ca\/International\/wp-json\/wp\/v2\/tags?post=111756"}],"curies":[{"name":"wp","href":"https:\/\/api.w.org\/{rel}","templated":true}]}}