{"id":111757,"date":"2021-02-21T15:16:57","date_gmt":"2021-02-21T20:16:57","guid":{"rendered":"https:\/\/linitiative.ca\/International\/second-tour-de-la-presidentielle-au-niger-un-exemple-dalternance-qui-doit-faire-honte-aux-pouvoiristes\/"},"modified":"2021-02-21T15:16:57","modified_gmt":"2021-02-21T20:16:57","slug":"second-tour-de-la-presidentielle-au-niger-un-exemple-dalternance-qui-doit-faire-honte-aux-pouvoiristes","status":"publish","type":"post","link":"https:\/\/linitiative.ca\/International\/second-tour-de-la-presidentielle-au-niger-un-exemple-dalternance-qui-doit-faire-honte-aux-pouvoiristes\/","title":{"rendered":"SECOND TOUR DE LA PRESIDENTIELLE AU NIGER : Un exemple d\u2019alternance qui doit faire honte aux pouvoiristes"},"content":{"rendered":"<p class=\"c4\">2020-2021 auront \u00e9t\u00e9 des ann\u00e9es \u00e9lectorales en Afrique de l\u2019Ouest, notamment dans sa partie francophone. En effet, apr\u00e8s la C\u00f4te d\u2019Ivoire, la Guin\u00e9e, le Burkina Faso, c\u2019est au tour du Niger de proc\u00e9der au choix, par les urnes, de l\u2019homme qui pr\u00e9sidera \u00e0\u00a0 sa destin\u00e9e pendant les cinq ans \u00e0 venir. Le scrutin a \u00e9t\u00e9 tenu le 21 f\u00e9vrier dernier, soit pr\u00e8s de deux mois apr\u00e8s l\u2019organisation du 1<sup>er<\/sup> tour. D\u2019embl\u00e9e, il sied de tresser des lauriers au pr\u00e9sident sortant, Mahamadou Issoufou, pour son comportement en faveur de la promotion de la d\u00e9mocratie dans son pays. Gr\u00e2ce \u00e0 ce dernier, peut-on dire, le Niger, nagu\u00e8re c\u00e9l\u00e8bre du fait du nombre effarant de coups d\u2019Etat qu\u2019il a connus dans son histoire, vient de prendre du galon en mati\u00e8re de d\u00e9mocratie. En tout cas, l\u2019histoire retiendra de lui, entre autres, l\u2019image d\u2019un homme d\u2019Etat qui a conduit le Niger \u00e0 la premi\u00e8re succession pacifique et d\u00e9mocratique entre\u00a0 deux pr\u00e9sidents \u00e9lus. Par l\u00e0, il positionne le Niger, comme une des vitrines d\u00e9mocratiques de l\u2019Afrique de l\u2019Ouest francophone aux c\u00f4t\u00e9s du Burkina et du S\u00e9n\u00e9gal.<\/p>\n<p class=\"c4\"><strong>Mahamadou Issoufou\u00a0 a courageusement refus\u00e9 d\u2019adh\u00e9rer \u00e0 la confr\u00e9rie des pr\u00e9dateurs de la d\u00e9mocratie<\/strong><\/p>\n<p class=\"c4\">Et dans une Afrique de l\u2019Ouest en proie au cancer du 3<sup>e<\/sup>\u00a0 mandat, cela m\u00e9rite d\u2019\u00eatre relev\u00e9 avec force et admiration. En tout cas, l\u2019exemple d\u2019alternance donn\u00e9 par le Niger doit faire honte \u00e0 tous ces pr\u00e9sidents qui croient dur comme fer, qu\u2019ils sont investis d\u2019une mission messianique, et que, de ce fait, ils doivent s\u2019accrocher \u00e0 leur tr\u00f4ne jusqu\u2019\u00e0 leur dernier souffle. Mahamadou Issoufou \u00a0a courageusement refus\u00e9 d\u2019adh\u00e9rer \u00e0 cette confr\u00e9rie de pr\u00e9dateurs de la d\u00e9mocratie. Car, pour lui, \u00ab\u00a0<em>la d\u00e9mocratie respire par l\u2019alternance\u00a0<\/em>\u00bb. Au- del\u00e0 de ce dernier, il faut rendre hommage \u00e0 l\u2019ensemble de la classe politique nig\u00e9rienne, et aux activistes de la soci\u00e9t\u00e9 civile. <em>In fine,<\/em> le m\u00e9rite revient au peuple pour son r\u00f4le de vigie de la d\u00e9mocratie. De ce point de vue, l\u2019on pouvait s\u2019attendre logiquement \u00e0 un second tour \u00e0 la hauteur de la qualit\u00e9 de la d\u00e9mocratie au Niger. En tout cas, au moment o\u00f9 nous tracions ces lignes, l\u2019ambiance dans laquelle se d\u00e9roulait le scrutin, n\u2019\u00e9tait pas celle qu\u2019ont connue Abidjan, Conakry ou encore Bangui \u00e0 l\u2019occasion de la pr\u00e9sidentielle\u00a0 de la C\u00f4te d\u2019Ivoire, de la Guin\u00e9e et de la Centrafrique. En effet, on se souvient que dans ces trois pays, la pr\u00e9sidentielle avait donn\u00e9 lieu \u00e0 des sc\u00e8nes de violences o\u00f9 des gourdins avaient voltig\u00e9 et o\u00f9 l\u2019on a enregistr\u00e9 par endroits, des morts. Bref, au Niger, tout semble indiquer que la politique n\u2019est pas la guerre. Et cela est une le\u00e7on que le peuple nig\u00e9rien donne \u00e0 bien des pays africains. L\u2019un dans l\u2019autre donc, l\u2019on peut s\u2019attendre \u00e0 ce qu\u2019il ne marchande pas sa participation \u00e0 ce scrutin. En tout cas, le taux de participation sera un des enjeux de ce scrutin in\u00e9dit dans l\u2019histoire du\u00a0 pays. Et c\u2019est le lieu de rappeler que bien des scrutins organis\u00e9s en Afrique, ont souffert de la faible participation des citoyens. A l\u2019origine de ce mal, la d\u00e9saffection de ces derniers vis-\u00e0-vis de la chose politique et l\u2019id\u00e9e \u00a0\u00a0selon laquelle le scrutin est pli\u00e9 d\u2019avance.\u00a0 D\u00e8s lors, l\u2019on pr\u00e9f\u00e8re consacrer le jour du vote \u00e0 vaquer \u00e0 d\u2019autres occupations au lieu de s\u2019y rendre.<\/p>\n<p class=\"c4\"><strong>L\u2019essentiel est que le vainqueur ait remport\u00e9 le scrutin \u00e0 la r\u00e9guli\u00e8re<\/strong><\/p>\n<p class=\"c4\">Il faut esp\u00e9rer que les 7,5 millions d\u2019\u00e9lecteurs nig\u00e9riens ne se comportent pas de cette mani\u00e8re. En tout cas, l\u2019on note avec satisfaction qu\u2019\u00e0 la mi-journ\u00e9e, l\u2019affluence \u00e9tait au rendez-vous, surtout \u00e0 l\u2019int\u00e9rieur du pays. En tout \u00e9tat de cause, le candidat qui\u00a0 sortira vainqueur du second tour, aura besoin de l\u00e9gitimit\u00e9 pour relever les deux grands d\u00e9fis qui se posent au pays.\u00a0 Le premier est la pauvret\u00e9 dans laquelle patauge le Niger. En effet, ce dernier fait partie des pays les plus pauvres de la plan\u00e8te. Et ce classement est l\u2019une des cons\u00e9quences de l\u2019explosion d\u00e9mographique sous laquelle ploie le Niger depuis toujours. Cette \u00e9quation est d\u2019autant plus difficile \u00e0 r\u00e9soudre qu\u2019elle est rendue complexe par des pesanteurs coutumi\u00e8res et religieuses. Le Niger a donc besoin d\u2019un consensus politique pour tenter de r\u00e9soudre l\u2019\u00e9quation. Et cela ne peut se faire que si le nouveau pr\u00e9sident b\u00e9n\u00e9ficie de l\u00e9gitimit\u00e9 forte. L\u2019autre d\u00e9fi\u00a0 \u00e0 relever est d\u2019ordre s\u00e9curitaire. En effet, le Niger est en proie depuis pratiquement plus de dix ans, \u00e0 des attaques terroristes de deux grands groupes. Le premier grand groupe terroriste est affili\u00e9 \u00e0 l\u2019organisation Etat islamique.<\/p>\n<p class=\"c4\">Ce groupe s\u00e9vit \u00e0 l\u2019Ouest du pays dans ses parties frontali\u00e8res avec le Mali et le Burkina. L\u2019autre grand groupe criminel qui a mis l\u2019Est du pays pratiquement sous coupe r\u00e9gl\u00e9e, est sous la houlette de Boko Haram. Et le fait de tenir le vote sur l\u2019ensemble du territoire dans ce contexte, repr\u00e9sente d\u00e9j\u00e0 un exploit et un espoir. Aux \u00a0\u00e9lections l\u00e9gislatives de d\u00e9cembre 2020,\u00a0 les autorit\u00e9s avaient tenu le pari, \u00e0 la grande satisfaction des Nig\u00e9riens et des Nig\u00e9riennes. A cette occasion, un autre pari avait \u00e9galement \u00e9t\u00e9 tenu\u00a0: celui d\u2019une \u00e9lection apais\u00e9e. Cette fois-ci, une d\u00e9claration conjointe de l\u2019UA (Union africaine), de la CEDEAO (Communaut\u00e9 \u00e9conomique des Etats de l\u2019Afrique de l\u2019Ouest) de l\u2019UE (Union europ\u00e9enne) et des Nations unies, appelle le peuple nig\u00e9rien \u00e0 r\u00e9it\u00e9rer le m\u00eame comportement. Il revient aux institutions en charge des \u00e9lections, de jouer chacune sa partition, pour que, quel que soit le vainqueur du second tour, le Niger sorte par le haut \u00e0 l\u2019issue de ce scrutin. Bazoum ou Ousmane, peu importe, l\u2019essentiel est que le vainqueur ait remport\u00e9 le scrutin \u00e0 la r\u00e9guli\u00e8re et que le perdant ait le <em>fair-play<\/em> de le f\u00e9liciter.<\/p>\n<p class=\"c4\"><strong>\u00a0<\/strong><\/p>\n<p class=\"c4\"><strong><em>\u00ab\u00a0Le Pays\u00a0\u00bb<\/em><\/strong><\/p>\n<p class=\"c4\"><strong>\u00a0<\/strong><\/p>\n<p>Auteur: Le Pays<br \/>\n<a href=\"https:\/\/lepays.bf\/second-tour-de-la-presidentielle-au-niger-un-exemple-dalternance-qui-doit-faire-honte-aux-pouvoiristes\/\">Cliquez ici pour lire l&rsquo;article depuis sa source.<\/a><\/p>\n","protected":false},"excerpt":{"rendered":"<p>2020-2021 auront \u00e9t\u00e9 des ann\u00e9es \u00e9lectorales en Afrique de l\u2019Ouest, notamment dans sa partie francophone. En effet, apr\u00e8s la C\u00f4te d\u2019Ivoire, la Guin\u00e9e, le Burkina Faso, c\u2019est au tour du Niger de proc\u00e9der au choix, par les urnes, de l\u2019homme qui pr\u00e9sidera \u00e0\u00a0 sa destin\u00e9e pendant les cinq ans \u00e0 venir. Le scrutin a \u00e9t\u00e9 [&hellip;]<\/p>\n","protected":false},"author":1813,"featured_media":0,"comment_status":"closed","ping_status":"closed","sticky":false,"template":"","format":"standard","meta":{"fifu_image_url":"","fifu_image_alt":"","footnotes":""},"categories":[73,81],"tags":[],"class_list":["post-111757","post","type-post","status-publish","format-standard","hentry","category-actualite","category-burkina-faso"],"_links":{"self":[{"href":"https:\/\/linitiative.ca\/International\/wp-json\/wp\/v2\/posts\/111757","targetHints":{"allow":["GET"]}}],"collection":[{"href":"https:\/\/linitiative.ca\/International\/wp-json\/wp\/v2\/posts"}],"about":[{"href":"https:\/\/linitiative.ca\/International\/wp-json\/wp\/v2\/types\/post"}],"author":[{"embeddable":true,"href":"https:\/\/linitiative.ca\/International\/wp-json\/wp\/v2\/users\/1813"}],"replies":[{"embeddable":true,"href":"https:\/\/linitiative.ca\/International\/wp-json\/wp\/v2\/comments?post=111757"}],"version-history":[{"count":0,"href":"https:\/\/linitiative.ca\/International\/wp-json\/wp\/v2\/posts\/111757\/revisions"}],"wp:attachment":[{"href":"https:\/\/linitiative.ca\/International\/wp-json\/wp\/v2\/media?parent=111757"}],"wp:term":[{"taxonomy":"category","embeddable":true,"href":"https:\/\/linitiative.ca\/International\/wp-json\/wp\/v2\/categories?post=111757"},{"taxonomy":"post_tag","embeddable":true,"href":"https:\/\/linitiative.ca\/International\/wp-json\/wp\/v2\/tags?post=111757"}],"curies":[{"name":"wp","href":"https:\/\/api.w.org\/{rel}","templated":true}]}}