{"id":111758,"date":"2021-02-21T09:11:25","date_gmt":"2021-02-21T14:11:25","guid":{"rendered":"https:\/\/linitiative.ca\/International\/burkina-un-expatrie-force-la-barriere-de-securite-de-la-base-aerienne-a-ouagadougou\/"},"modified":"2021-02-21T09:11:25","modified_gmt":"2021-02-21T14:11:25","slug":"burkina-un-expatrie-force-la-barriere-de-securite-de-la-base-aerienne-a-ouagadougou","status":"publish","type":"post","link":"https:\/\/linitiative.ca\/International\/burkina-un-expatrie-force-la-barriere-de-securite-de-la-base-aerienne-a-ouagadougou\/","title":{"rendered":"Burkina : un expatri\u00e9 force la barri\u00e8re de s\u00e9curit\u00e9 de la Base a\u00e9rienne \u00e0 Ouagadougou"},"content":{"rendered":"<p>Un ressortissant fran\u00e7ais qui aurait quitt\u00e9 le restaurant Taxi brousse dans la nuit du samedi 21 f\u00e9vrier 2021, s\u2019est retrouv\u00e9 dans la zone interdite de la Base a\u00e9rienne. Des militaires en service \u00e0 la base a\u00e9rienne lui ont fait une sommation et il s\u2019est retourn\u00e9 pour fuir. Ils ont ouvert le feu en visant les pneus de la voiture de l\u2019expatri\u00e9 et malencontreusement une balle l\u2019a atteint au bas-ventre. Les sentinelles ont pu l\u2019immobiliser et il serait hors de danger, a appris Sidwaya de sources bien introduites. Dans la m\u00eame nuit, l\u2019ambassade de France est venue sur les lieux avec son charg\u00e9 de s\u00e9curit\u00e9. Ils ont tous reconnu les faits. Aux derni\u00e8res nouvelles, le bless\u00e9 aurait expliqu\u00e9 qu\u2019il naviguait au GPS, ce qui pourrait expliquer son intrusion dans la zone interdite.<\/p>\n<div class=\"td-a-rec td-a-rec-id-content_bottom tdi_33_3dd td_block_template_1\">\n<p><img loading=\"lazy\" decoding=\"async\" class=\"aligncenter size-full wp-image-27454\" src=\"https:\/\/www.sidwaya.info\/wp-content\/uploads\/2020\/10\/PUB-Bandeau-paiement-mobile-siteweb.jpg\" alt=\"\" width=\"728\" height=\"90\"\/><\/div>\n<p>Auteur: Wamini SIDWAYA<br \/>\n<a href=\"https:\/\/www.sidwaya.info\/blog\/2021\/02\/21\/burkina-un-expatrie-force-la-barriere-de-securite-de-la-base-aerienne-a-ouagadougou\/\">Cliquez ici pour lire l&rsquo;article depuis sa source.<\/a><\/p>\n","protected":false},"excerpt":{"rendered":"<p>Un ressortissant fran\u00e7ais qui aurait quitt\u00e9 le restaurant Taxi brousse dans la nuit du samedi 21 f\u00e9vrier 2021, s\u2019est retrouv\u00e9 dans la zone interdite de la Base a\u00e9rienne. Des militaires en service \u00e0 la base a\u00e9rienne lui ont fait une sommation et il s\u2019est retourn\u00e9 pour fuir. Ils ont ouvert le feu en visant les [&hellip;]<\/p>\n","protected":false},"author":1816,"featured_media":0,"comment_status":"closed","ping_status":"closed","sticky":false,"template":"","format":"standard","meta":{"fifu_image_url":"https:\/\/www.sidwaya.info\/wp-content\/uploads\/2020\/10\/PUB-Bandeau-paiement-mobile-siteweb.jpg","fifu_image_alt":"Burkina : un expatri\u00e9 force la barri\u00e8re de s\u00e9curit\u00e9 de la Base a\u00e9rienne \u00e0 Ouagadougou","footnotes":""},"categories":[73,81],"tags":[],"class_list":["post-111758","post","type-post","status-publish","format-standard","hentry","category-actualite","category-burkina-faso"],"_links":{"self":[{"href":"https:\/\/linitiative.ca\/International\/wp-json\/wp\/v2\/posts\/111758","targetHints":{"allow":["GET"]}}],"collection":[{"href":"https:\/\/linitiative.ca\/International\/wp-json\/wp\/v2\/posts"}],"about":[{"href":"https:\/\/linitiative.ca\/International\/wp-json\/wp\/v2\/types\/post"}],"author":[{"embeddable":true,"href":"https:\/\/linitiative.ca\/International\/wp-json\/wp\/v2\/users\/1816"}],"replies":[{"embeddable":true,"href":"https:\/\/linitiative.ca\/International\/wp-json\/wp\/v2\/comments?post=111758"}],"version-history":[{"count":0,"href":"https:\/\/linitiative.ca\/International\/wp-json\/wp\/v2\/posts\/111758\/revisions"}],"wp:attachment":[{"href":"https:\/\/linitiative.ca\/International\/wp-json\/wp\/v2\/media?parent=111758"}],"wp:term":[{"taxonomy":"category","embeddable":true,"href":"https:\/\/linitiative.ca\/International\/wp-json\/wp\/v2\/categories?post=111758"},{"taxonomy":"post_tag","embeddable":true,"href":"https:\/\/linitiative.ca\/International\/wp-json\/wp\/v2\/tags?post=111758"}],"curies":[{"name":"wp","href":"https:\/\/api.w.org\/{rel}","templated":true}]}}