{"id":111760,"date":"2021-02-21T04:15:58","date_gmt":"2021-02-21T09:15:58","guid":{"rendered":"https:\/\/linitiative.ca\/International\/cameroun-9-personnes-blessees-par-un-lion-dont-une-grievement\/"},"modified":"2021-02-21T04:15:58","modified_gmt":"2021-02-21T09:15:58","slug":"cameroun-9-personnes-blessees-par-un-lion-dont-une-grievement","status":"publish","type":"post","link":"https:\/\/linitiative.ca\/International\/cameroun-9-personnes-blessees-par-un-lion-dont-une-grievement\/","title":{"rendered":"Cameroun : 9 personnes bless\u00e9es par un lion, dont une gri\u00e8vement"},"content":{"rendered":"<div readability=\"32\">\n<p>Publi\u00e9 le 21.02.2021 \u00e0 10h15 par JournalduCameroun.com<\/p>\n<\/div>\n<div readability=\"54\">\n<h2 class=\"c8\">Elles sont prises en charge dans des formations hospitali\u00e8res de la r\u00e9gion de l\u2019Extr\u00eame-nord. Le fauve a \u00e9t\u00e9 abattu.<\/h2>\n<p class=\"c9\">Selon un responsable de l\u2019h\u00f4pital de district de <strong>Makary<\/strong>, dans le d\u00e9partement du Logone-et-Chari (r\u00e9gion de l\u2019Extr\u00eame-nord du <strong>Cameroun<\/strong>) cit\u00e9 par la radio publique nationale, <em>\u00ab\u2009parmi les 9 qui sont arriv\u00e9s \u00e0 l\u2019h\u00f4pital de district de Makary, un a \u00e9t\u00e9 transf\u00e9r\u00e9 \u00e0 Kousseri pour une prise en charge. Et les huit qui restent sur place les blessures sont de gravit\u00e9 moyenne. Donc il n\u2019y a pas de complication\u2009\u00bb<\/em>.<\/p>\n<p class=\"c9\">Ces personnes sont des victimes d\u2019un <strong>lion<\/strong> qui a attaqu\u00e9 des populations des villages <strong>Woulki<\/strong> et Mbomboya, dans arrondissement de Makary. Selon le chef r\u00e9gional de la Faune et des aires prot\u00e9g\u00e9es, <em>\u00ab\u2009un lion, dont pour l\u2019instant on ignore la provenance, a sem\u00e9 la panique dans la localit\u00e9. L\u2019animal, conform\u00e9ment \u00e0 la loi et son d\u00e9cret d\u2019application, a \u00e9t\u00e9 abattu dans le cadre de la l\u00e9gitime d\u00e9fense\u2009\u00bb<\/em>.<\/p>\n<p class=\"c9\">D\u2019apr\u00e8s les experts, ce sont les lions vieux qui abandonnent la meute et s\u2019attaquent aux proies faibles, \u00e0 l\u2019instar des \u00eatres humains.<\/p>\n<\/div>\n<p>Auteur: journalducameroun<br \/>\n<a href=\"https:\/\/www.journalducameroun.com\/cameroun-9-personnes-blessees-par-un-lion-dont-une-grievement\/\">Cliquez ici pour lire l&rsquo;article depuis sa source.<\/a><\/p>\n","protected":false},"excerpt":{"rendered":"<p>Publi\u00e9 le 21.02.2021 \u00e0 10h15 par JournalduCameroun.com Elles sont prises en charge dans des formations hospitali\u00e8res de la r\u00e9gion de l\u2019Extr\u00eame-nord. Le fauve a \u00e9t\u00e9 abattu. Selon un responsable de l\u2019h\u00f4pital de district de Makary, dans le d\u00e9partement du Logone-et-Chari (r\u00e9gion de l\u2019Extr\u00eame-nord du Cameroun) cit\u00e9 par la radio publique nationale, \u00ab\u2009parmi les 9 qui [&hellip;]<\/p>\n","protected":false},"author":1965,"featured_media":0,"comment_status":"closed","ping_status":"closed","sticky":false,"template":"","format":"standard","meta":{"fifu_image_url":"","fifu_image_alt":"","footnotes":""},"categories":[73,82],"tags":[],"class_list":["post-111760","post","type-post","status-publish","format-standard","hentry","category-actualite","category-cameroun"],"_links":{"self":[{"href":"https:\/\/linitiative.ca\/International\/wp-json\/wp\/v2\/posts\/111760","targetHints":{"allow":["GET"]}}],"collection":[{"href":"https:\/\/linitiative.ca\/International\/wp-json\/wp\/v2\/posts"}],"about":[{"href":"https:\/\/linitiative.ca\/International\/wp-json\/wp\/v2\/types\/post"}],"author":[{"embeddable":true,"href":"https:\/\/linitiative.ca\/International\/wp-json\/wp\/v2\/users\/1965"}],"replies":[{"embeddable":true,"href":"https:\/\/linitiative.ca\/International\/wp-json\/wp\/v2\/comments?post=111760"}],"version-history":[{"count":0,"href":"https:\/\/linitiative.ca\/International\/wp-json\/wp\/v2\/posts\/111760\/revisions"}],"wp:attachment":[{"href":"https:\/\/linitiative.ca\/International\/wp-json\/wp\/v2\/media?parent=111760"}],"wp:term":[{"taxonomy":"category","embeddable":true,"href":"https:\/\/linitiative.ca\/International\/wp-json\/wp\/v2\/categories?post=111760"},{"taxonomy":"post_tag","embeddable":true,"href":"https:\/\/linitiative.ca\/International\/wp-json\/wp\/v2\/tags?post=111760"}],"curies":[{"name":"wp","href":"https:\/\/api.w.org\/{rel}","templated":true}]}}