{"id":111761,"date":"2021-02-21T07:18:02","date_gmt":"2021-02-21T12:18:02","guid":{"rendered":"https:\/\/linitiative.ca\/International\/presidentielle-nigerienne-jour-de-verite-pour-bazoum-et-ousmane\/"},"modified":"2021-02-21T07:18:02","modified_gmt":"2021-02-21T12:18:02","slug":"presidentielle-nigerienne-jour-de-verite-pour-bazoum-et-ousmane","status":"publish","type":"post","link":"https:\/\/linitiative.ca\/International\/presidentielle-nigerienne-jour-de-verite-pour-bazoum-et-ousmane\/","title":{"rendered":"Pr\u00e9sidentielle nig\u00e9rienne : jour de v\u00e9rit\u00e9 pour Bazoum et Ousmane"},"content":{"rendered":"<div readability=\"32\">\n<p>Publi\u00e9 le 21.02.2021 \u00e0 13h18 par APA News<\/p>\n<\/div>\n<div readability=\"63\">\n<p>Les Nig\u00e9riens \u00e9lisent ce dimanche leur pr\u00e9sident pour les cinq prochaines ann\u00e9es. Sur les trente candidats de la ligne de d\u00e9part, il n\u2019en reste que deux : Mohamed Bazoum et Mahamane Ousmane.La premi\u00e8re alternance d\u00e9mocratique du Niger, ind\u00e9pendant depuis le 3 ao\u00fbt 1960, est toute proche. Ce 21 f\u00e9vrier, 7,4 millions d\u2019\u00e9lecteurs doivent choisir un successeur \u00e0 Mahamadou Issoufou. L\u2019actuel chef de l\u2019\u00c9tat qui entrera dans les livres d\u2019Histoire pour avoir respect\u00e9 la limitation constitutionnelle du mandat pr\u00e9sidentiel.<\/p>\n<p>Au premier tour, Mohamed Bazoum, candidat du parti au pouvoir, a recueilli 39,3% des suffrages valablement exprim\u00e9s contre 16,9% pour l\u2019ancien pr\u00e9sident de la R\u00e9publique, Mahamane Ousmane.<\/p>\n<p>Le 18 f\u00e9vrier dernier, le pr\u00e9sident sortant, Mahamadou Issoufou, s\u2019est offert une tribune lors de la c\u00e9r\u00e9monie d\u2019inauguration d\u2019un troisi\u00e8me pont sur le Fleuve Niger \u00e0 Niamey, la capitale : \u00ab Le Niger est un pays un et indivisible. Je lance donc un appel \u00e0 tous en cette veille d\u2019\u00e9lection pour qu\u2019ils ne perdent jamais de vu cela. Pour qu\u2019ils ne perdent jamais de vu l\u2019importance de cet acquis du peuple nig\u00e9rien \u00bb.<\/p>\n<p>Pour ce scrutin historique, les 26.000 bureaux de vote du pays sont ouverts de 8 \u00e0 19 heures (GMT+1). La Commission \u00e9lectorale nationale ind\u00e9pendante (Ceni) devrait annoncer les r\u00e9sultats provisoires dans 5 jours.<\/p>\n<\/div>\n<p>Auteur: APA News<br \/>\n<a href=\"https:\/\/www.journalducameroun.com\/presidentielle-nigerienne-jour-de-verite-pour-bazoum-et-ousmane\/\">Cliquez ici pour lire l&rsquo;article depuis sa source.<\/a><\/p>\n","protected":false},"excerpt":{"rendered":"<p>Publi\u00e9 le 21.02.2021 \u00e0 13h18 par APA News Les Nig\u00e9riens \u00e9lisent ce dimanche leur pr\u00e9sident pour les cinq prochaines ann\u00e9es. Sur les trente candidats de la ligne de d\u00e9part, il n\u2019en reste que deux : Mohamed Bazoum et Mahamane Ousmane.La premi\u00e8re alternance d\u00e9mocratique du Niger, ind\u00e9pendant depuis le 3 ao\u00fbt 1960, est toute proche. Ce [&hellip;]<\/p>\n","protected":false},"author":1965,"featured_media":0,"comment_status":"closed","ping_status":"closed","sticky":false,"template":"","format":"standard","meta":{"fifu_image_url":"","fifu_image_alt":"","footnotes":""},"categories":[73,82],"tags":[],"class_list":["post-111761","post","type-post","status-publish","format-standard","hentry","category-actualite","category-cameroun"],"_links":{"self":[{"href":"https:\/\/linitiative.ca\/International\/wp-json\/wp\/v2\/posts\/111761","targetHints":{"allow":["GET"]}}],"collection":[{"href":"https:\/\/linitiative.ca\/International\/wp-json\/wp\/v2\/posts"}],"about":[{"href":"https:\/\/linitiative.ca\/International\/wp-json\/wp\/v2\/types\/post"}],"author":[{"embeddable":true,"href":"https:\/\/linitiative.ca\/International\/wp-json\/wp\/v2\/users\/1965"}],"replies":[{"embeddable":true,"href":"https:\/\/linitiative.ca\/International\/wp-json\/wp\/v2\/comments?post=111761"}],"version-history":[{"count":0,"href":"https:\/\/linitiative.ca\/International\/wp-json\/wp\/v2\/posts\/111761\/revisions"}],"wp:attachment":[{"href":"https:\/\/linitiative.ca\/International\/wp-json\/wp\/v2\/media?parent=111761"}],"wp:term":[{"taxonomy":"category","embeddable":true,"href":"https:\/\/linitiative.ca\/International\/wp-json\/wp\/v2\/categories?post=111761"},{"taxonomy":"post_tag","embeddable":true,"href":"https:\/\/linitiative.ca\/International\/wp-json\/wp\/v2\/tags?post=111761"}],"curies":[{"name":"wp","href":"https:\/\/api.w.org\/{rel}","templated":true}]}}