{"id":111762,"date":"2021-02-21T08:18:02","date_gmt":"2021-02-21T13:18:02","guid":{"rendered":"https:\/\/linitiative.ca\/International\/cote-divoire-la-premiere-zone-industrielle-de-cajou-operationnelle-au-plus-tard-debut-2022-entretien\/"},"modified":"2021-02-21T08:18:02","modified_gmt":"2021-02-21T13:18:02","slug":"cote-divoire-la-premiere-zone-industrielle-de-cajou-operationnelle-au-plus-tard-debut-2022-entretien","status":"publish","type":"post","link":"https:\/\/linitiative.ca\/International\/cote-divoire-la-premiere-zone-industrielle-de-cajou-operationnelle-au-plus-tard-debut-2022-entretien\/","title":{"rendered":"C\u00f4te d\u2019Ivoire: la premi\u00e8re zone industrielle de cajou op\u00e9rationnelle \u00ab\u00a0au plus tard d\u00e9but 2022\u00a0\u00bb (ENTRETIEN)"},"content":{"rendered":"<p>La premi\u00e8re zone industrielle de cajou en C\u00f4te d\u2019Ivoire, dont les travaux d\u00e9butent la semaine prochaine \u00e0 Bondoukou, dans l\u2019Est du pays, devrait \u00eatre op\u00e9rationnelle \u00ab\u00a0au plus tard d\u00e9but 2022\u00a0\u00bb, assure le Directeur G\u00e9n\u00e9ral du Conseil du Coton et de l\u2019Anacarde, Dr Adama Coulibaly, dans un entretien \u00e0 APA.<\/p>\n<p>Q : Quel a \u00e9t\u00e9 l\u2019impact de la Covid-19 sur la campagne 2020 ?\u00a0<\/p>\n<p>R :\u00a0La Covid-19 a beaucoup impact\u00e9 la fili\u00e8re et notamment la commercialisation. Il a fallu donc recourir \u00e0 l\u2019intervention de l\u2019Etat sous la forme de subvention pour pouvoir maintenir les prix bord-champ \u00e0 400 Fcfa le Kg, l\u2019\u00e9quivalent de 0,75 dollars US. C\u2019est ainsi que la fili\u00e8re a pu se sortir des difficult\u00e9s de commercialisation li\u00e9es \u00e0 la baisse des prix internationaux induite par la pand\u00e9mie de Covid-19.<\/p>\n<p>Nous avons \u00e9t\u00e9 donc \u00e0 un moment donn\u00e9 oblig\u00e9 de constater que la r\u00e9alit\u00e9 du march\u00e9 international \u00e9tait en d\u00e9connexion avec les prix que nous avions fix\u00e9 en d\u00e9but de campagne. Or, l\u2019analyse du march\u00e9 international ressortait au d\u00e9marrage de la campagne, des prix relativement int\u00e9ressants en direction de la C\u00f4te d\u2019Ivoire.<\/p>\n<p>Un mois apr\u00e8s l\u2019ouverture de la campagne de commercialisation de l\u2019anacarde, la pand\u00e9mie de Covid-19 est survenue et a commenc\u00e9 \u00e0 se r\u00e9pandre dans le monde entier entre f\u00e9vrier et mars, sans \u00e9pargner la C\u00f4te d\u2019Ivoire, o\u00f9 le premier cas a \u00e9t\u00e9 d\u00e9clar\u00e9 le 11 mars 2020.<\/p>\n<p>Nous avons propos\u00e9 au gouvernement de maintenir le prix bord-champ \u00e0 condition qu\u2019il accepte de subventionner le prix plancher et c\u2019est ce qui a \u00e9t\u00e9 fait. Ainsi, le gouvernement a d\u00e9caiss\u00e9 35 milliards de Fcfa pour soutenir le prix bord-champ \u00e0 hauteur de 400 Fcfa le Kg.<\/p>\n<p>Q: Les cours connaissent une fluctuation \u00e0 l\u2019international, peut-on savoir les variations ?<\/p>\n<p>R: Au d\u00e9marrage de la campagne 2020, lorsque nous fixions les prix, les offres en direction de la C\u00f4te d\u2019Ivoire \u00e9taient comprises entre 1300 dollars (703 769 Fcfa) et 1450 dollars (757 905 Fcfa) la tonne, ce qui nous a permis de consid\u00e9rer un prix de r\u00e9f\u00e9rence CAF (Co\u00fbt -Assurance-fret) de 1 300 USD (703 769 Fcfa) par tonne, soit de l\u2019ordre de 741 Fcfa\/Kg.<\/p>\n<p>Sur cette base, nous avons donc propos\u00e9 un prix minimum de 400 Fcfa le Kg, que le gouvernement a ent\u00e9rin\u00e9. Car, un mois apr\u00e8s l\u2019ouverture de la campagne, la pand\u00e9mie s\u2019est r\u00e9pandue dans le monde entier, impactant le secteur du n\u00e9goce international.<\/p>\n<p>Les offres en direction de la C\u00f4te d\u2019Ivoire se sont effondr\u00e9es \u00e0 des niveaux de l\u2019ordre de 900 dollars (487 224 Fcfa) \u00e0 1 100 dollars (595 497 Fcfa) la tonne. Le gouvernement, face \u00e0 cette situation, a r\u00e9agi en apportant une subvention de 35 milliards de Fcfa pour pouvoir soutenir les producteurs et maintenir le prix bord-champ \u00e0 400 Fcga\/Kg. Et nous avons ainsi pu sauver la fili\u00e8re.<\/p>\n<p>Pour la campagne 2021, quel est alors l\u2019accompagnement de l\u2019Etat ?<\/p>\n<p>R : L\u2019Etat a pris en compte l\u2019\u00e9volution du march\u00e9 international, parce que la pand\u00e9mie est encore pr\u00e9sente. L\u2019Etat a consenti \u00e0 fixer un prix de 305 FCfa\/Kg. Passer de 400 Fcfa l\u2019ann\u00e9e pr\u00e9c\u00e9dente \u00e0 305 Fcfa comme prix bord-champ, c\u2019est une d\u00e9cision extr\u00eamement difficile, ce qui n\u2019est pas dans la philosophie normale du pr\u00e9sident de la R\u00e9publique et du gouvernement.<\/p>\n<p>A l\u2019ouverture de la campagne, globalement, les offres sur le march\u00e9 international se sont \u00e9tablies entre 900 dollars (487 224 Fcfa ) et 1400 dollars (757 905 Fcfa) la tonne. Mais, cela d\u00e9pend de la qualit\u00e9 du produit et aussi de l\u2019origine du produit, car certaines origines sont mieux cot\u00e9es que d\u2019autres.<\/p>\n<p>En C\u00f4te d\u2019Ivoire, nous faisons du volume. Nous produisons beaucoup et pour le client, acheter beaucoup avec un prix \u00e9lev\u00e9, comprenez que pour lui, il n\u00e9gocie toujours l\u00e0 o\u00f9 il ach\u00e8te un volume important et quand l\u2019offre est importante, il a tendance \u00e0 n\u00e9gocier \u00e0 la baisse. \u00a0<\/p>\n<p>\u00a0L\u2019Etat de C\u00f4te d\u2019Ivoire est dans une dynamique de la transformation des produits agricoles avec pour ambition de faire du pays une agro-industrie forte et puissante. Premier pays producteur de cajou, troisi\u00e8me africain de coton graine, premier producteur africain d\u2019huile de palme, le d\u00e9fi aujourd\u2019hui est de transformer la production pour capter une plus-value.<\/p>\n<p>Q : Quel est l\u2019objectif de production pour la campagne cajou 2021 ?<\/p>\n<p>R : Nous comptons reproduire la performance de 2020, \u00e0 savoir rester dans les m\u00eames proportions de production, autour de 850.000 tonnes. La campagne a \u00e9t\u00e9 ouverte officiellement le 5 f\u00e9vrier 2021, et les quelques achats qui se font sont actuellement entre 300 et 500 Fcfa le Kg selon les r\u00e9gions.<\/p>\n<p>La transformation, c\u2019est l\u2019objectif principal que nous poursuivons. Nous envisageons de transformer le maximum de volumes sur place, parce que transformer, c\u2019est capter de la valeur. Il est important de r\u00e9ussir cette transformation et nous comptons sur les investisseurs nationaux et internationaux.<\/p>\n<p>Dans la cha\u00eene de valeur de la noix de cajou, nous avons la production qui repr\u00e9sente 20%, la transformation 40% et la distribution qui repr\u00e9sente 40%. Rester au niveau de la production cr\u00e9e un manque \u00e0 gagner en termes financier et au niveau des emplois cr\u00e9\u00e9s.<\/p>\n<p>Le pays veut accro\u00eetre les plus-values li\u00e9es \u00e0 la transformation. Aujourd\u2019hui, nos plus gros acheteurs sont le Vietnam et l\u2019Inde. Mais, de temps \u00e0 temps quelques petits volumes vont vers d\u2019autres destinations telles que la Chine, le Br\u00e9sil et le Maroc. Le Vietnam et l\u2019Inde, eux, repr\u00e9sentent entre 96% et 99% de nos achats selon les ann\u00e9es.<\/p>\n<p>Q : Quels sont les projets au niveau de la transformation en C\u00f4te d\u2019Ivoire ?<\/p>\n<p>R : Le gouvernement nous a instruit de faire des zones industrielles totalement d\u00e9di\u00e9es \u00e0 la transformation de l\u2019anacarde (noix et pommes de cajou). C\u2019est dans le cadre de la mise en \u0153uvre de cette vision que nous allons lancer les travaux de la premi\u00e8re zone, celle de Bondoukou (Est ivoirien), d\u00e8s la semaine prochaine \u00e0 l\u2019effet de la rendre disponible d\u00e8s la fin de cette ann\u00e9e ou au plus tard au d\u00e9but de l\u2019ann\u00e9e 2022. \u00a0 \u00a0\u00a0<\/p>\n<p>La zone industrielle de Bondoukou s\u2019\u00e9tendra sur une superficie de 15 hectares pour un objectif de production selon la capacit\u00e9 des usines qui vont s\u2019installer. La zone peut absorber entre trois et cinq unit\u00e9s de transformation de noix de cajou. Apr\u00e8s celle de Bondoukou, on aura les travaux de la zone industrielle de Korhogo (25 ha) et de S\u00e9gu\u00e9la dans le Nord du pays puis de Bouak\u00e9 (25 ha) dans le centre.<\/p>\n<p>Si, par exemple, chaque unit\u00e9 prend trois ou quatre hectares, pour transformer 30.000 tonnes, vous voyez d\u00e9j\u00e0, nous ne serons pas loin de 100.000 tonnes \u00e0 transformer d\u00e9j\u00e0 sur place \u00e0 Bondoukou.<\/p>\n<p>Le gouvernement, pour r\u00e9ussir cette transformation, a pris un certain nombre de mesures de facilitation en faveur des transformateurs. Ces mesures vont de l\u2019exon\u00e9ration totale (0% de taxe) sur les \u00e9quipements qui sont import\u00e9s et des cr\u00e9dits d\u2019imp\u00f4ts.<\/p>\n<p>Au-del\u00e0 de la zone industrielle, l\u2019Etat de C\u00f4te d\u2019Ivoire a d\u00e9cid\u00e9 de subventionner les transformateurs. On a une subvention de 400 Fcfa sur chaque kilo d\u2019amande qui sort des usines. Et quand vous avez des amandes que vous exportez, vous payez z\u00e9ro taxe et sans Droit unique de sortie (DUS) contrairement aux autres produits.<\/p>\n<p>Nous accompagnons en outre tous ceux qui veulent s\u2019installer dans la zone industrielle de Yamoussoukro, o\u00f9 nous avons construit un Centre d\u2019innovations et de Technologies de l\u2019Anacarde (CITA), inaugur\u00e9 le 1er octobre 2020 par M. Alassane Ouattara, pr\u00e9sident de la R\u00e9publique de C\u00f4te d\u2019Ivoire.<\/p>\n<p>Ce centre comprend une usine de transformation de 6.000 tonnes par an, un centre de formation aux m\u00e9tiers de production et de perfectionnement. Et ce, pour promouvoir la comp\u00e9titivit\u00e9 de la cha\u00eene de valeur du cajou.<\/p>\n<p>Auteur: APA News<br \/>\n<a href=\"https:\/\/www.journalducameroun.com\/cote-divoire-la-premiere-zone-industrielle-de-cajou-operationnelle-au-plus-tard-debut-2022-entretien\/\">Cliquez ici pour lire l&rsquo;article depuis sa source.<\/a><\/p>\n","protected":false},"excerpt":{"rendered":"<p>La premi\u00e8re zone industrielle de cajou en C\u00f4te d\u2019Ivoire, dont les travaux d\u00e9butent la semaine prochaine \u00e0 Bondoukou, dans l\u2019Est du pays, devrait \u00eatre op\u00e9rationnelle \u00ab\u00a0au plus tard d\u00e9but 2022\u00a0\u00bb, assure le Directeur G\u00e9n\u00e9ral du Conseil du Coton et de l\u2019Anacarde, Dr Adama Coulibaly, dans un entretien \u00e0 APA. Q : Quel a \u00e9t\u00e9 l\u2019impact [&hellip;]<\/p>\n","protected":false},"author":1965,"featured_media":0,"comment_status":"closed","ping_status":"closed","sticky":false,"template":"","format":"standard","meta":{"fifu_image_url":"","fifu_image_alt":"","footnotes":""},"categories":[73,82],"tags":[],"class_list":["post-111762","post","type-post","status-publish","format-standard","hentry","category-actualite","category-cameroun"],"_links":{"self":[{"href":"https:\/\/linitiative.ca\/International\/wp-json\/wp\/v2\/posts\/111762","targetHints":{"allow":["GET"]}}],"collection":[{"href":"https:\/\/linitiative.ca\/International\/wp-json\/wp\/v2\/posts"}],"about":[{"href":"https:\/\/linitiative.ca\/International\/wp-json\/wp\/v2\/types\/post"}],"author":[{"embeddable":true,"href":"https:\/\/linitiative.ca\/International\/wp-json\/wp\/v2\/users\/1965"}],"replies":[{"embeddable":true,"href":"https:\/\/linitiative.ca\/International\/wp-json\/wp\/v2\/comments?post=111762"}],"version-history":[{"count":0,"href":"https:\/\/linitiative.ca\/International\/wp-json\/wp\/v2\/posts\/111762\/revisions"}],"wp:attachment":[{"href":"https:\/\/linitiative.ca\/International\/wp-json\/wp\/v2\/media?parent=111762"}],"wp:term":[{"taxonomy":"category","embeddable":true,"href":"https:\/\/linitiative.ca\/International\/wp-json\/wp\/v2\/categories?post=111762"},{"taxonomy":"post_tag","embeddable":true,"href":"https:\/\/linitiative.ca\/International\/wp-json\/wp\/v2\/tags?post=111762"}],"curies":[{"name":"wp","href":"https:\/\/api.w.org\/{rel}","templated":true}]}}