{"id":111763,"date":"2021-02-21T14:18:02","date_gmt":"2021-02-21T19:18:02","guid":{"rendered":"https:\/\/linitiative.ca\/International\/presidentielle-nigerienne-sept-membres-de-la-ceni-tues-dans-une-explosion\/"},"modified":"2021-02-21T14:18:02","modified_gmt":"2021-02-21T19:18:02","slug":"presidentielle-nigerienne-sept-membres-de-la-ceni-tues-dans-une-explosion","status":"publish","type":"post","link":"https:\/\/linitiative.ca\/International\/presidentielle-nigerienne-sept-membres-de-la-ceni-tues-dans-une-explosion\/","title":{"rendered":"Pr\u00e9sidentielle nig\u00e9rienne: sept membres de la C\u00e9ni tu\u00e9s dans une explosion"},"content":{"rendered":"<div readability=\"32\">\n<p>Publi\u00e9 le 21.02.2021 \u00e0 20h18 par APA News<\/p>\n<\/div>\n<div readability=\"61\">\n<p>Sept membres locaux de la Commission \u00e9lectorale nationale ind\u00e9pendante (Ceni) ont \u00e9t\u00e9 tu\u00e9s dimanche dans l\u2019explosion de leur v\u00e9hicule qui a roul\u00e9 sur une mine.Le drame est survenu \u00e0 Waraou, une localit\u00e9 situ\u00e9e sur la commune de Dargol dans la r\u00e9gion de Tillab\u00e9ri, \u00e0 une centaine de km de Niamey, zone dite \u00ab des trois fronti\u00e8res \u00bb entre Niger, Mali et Burkina Faso.<\/p>\n<p>\u00ab J\u2019ai eu l\u2019information vers midi (11h GMT), il y a eu sept morts lorsque le v\u00e9hicule a saut\u00e9 sur une mine. Il s\u2019agit de pr\u00e9sidents de bureaux de vote et de leurs secr\u00e9taires \u00bb, recrut\u00e9s par la C\u00e9ni, a expliqu\u00e9 \u00e0 l\u2019AFP Tidjani Ibrahim Katiella, gouverneur de la r\u00e9gion de Tillab\u00e9ri.\u00a0L\u2019accident a \u00e9galement fait trois bless\u00e9s graves selon lui.<\/p>\n<p>En d\u00e9pit de l\u2019ins\u00e9curit\u00e9 provoqu\u00e9e par les jihadistes, les \u00e9lecteurs ont vot\u00e9 ce dimanche globalement\u00a0dans le calme afin de choisir entre le favori Mohamed Bazoum\u00a0candidat du pouvoir, et l\u2019opposant Mahamane Ousmane, ancien pr\u00e9sident de la r\u00e9publique.<\/p>\n<p>Bazoum avait r\u00e9colt\u00e9 39,3\u00a0% des suffrages au premier tour, contre 17% pour Ousmane.\u00a0\u00a0Le taux de participation au\u00a0premier tour\u00a0\u00e9tait de 69,7 %.<\/p>\n<\/div>\n<p>Auteur: APA News<br \/>\n<a href=\"https:\/\/www.journalducameroun.com\/presidentielle-nigerienne-sept-membres-de-la-ceni-tues-dans-une-explosion\/\">Cliquez ici pour lire l&rsquo;article depuis sa source.<\/a><\/p>\n","protected":false},"excerpt":{"rendered":"<p>Publi\u00e9 le 21.02.2021 \u00e0 20h18 par APA News Sept membres locaux de la Commission \u00e9lectorale nationale ind\u00e9pendante (Ceni) ont \u00e9t\u00e9 tu\u00e9s dimanche dans l\u2019explosion de leur v\u00e9hicule qui a roul\u00e9 sur une mine.Le drame est survenu \u00e0 Waraou, une localit\u00e9 situ\u00e9e sur la commune de Dargol dans la r\u00e9gion de Tillab\u00e9ri, \u00e0 une centaine de [&hellip;]<\/p>\n","protected":false},"author":1965,"featured_media":0,"comment_status":"closed","ping_status":"closed","sticky":false,"template":"","format":"standard","meta":{"fifu_image_url":"","fifu_image_alt":"","footnotes":""},"categories":[73,82],"tags":[],"class_list":["post-111763","post","type-post","status-publish","format-standard","hentry","category-actualite","category-cameroun"],"_links":{"self":[{"href":"https:\/\/linitiative.ca\/International\/wp-json\/wp\/v2\/posts\/111763","targetHints":{"allow":["GET"]}}],"collection":[{"href":"https:\/\/linitiative.ca\/International\/wp-json\/wp\/v2\/posts"}],"about":[{"href":"https:\/\/linitiative.ca\/International\/wp-json\/wp\/v2\/types\/post"}],"author":[{"embeddable":true,"href":"https:\/\/linitiative.ca\/International\/wp-json\/wp\/v2\/users\/1965"}],"replies":[{"embeddable":true,"href":"https:\/\/linitiative.ca\/International\/wp-json\/wp\/v2\/comments?post=111763"}],"version-history":[{"count":0,"href":"https:\/\/linitiative.ca\/International\/wp-json\/wp\/v2\/posts\/111763\/revisions"}],"wp:attachment":[{"href":"https:\/\/linitiative.ca\/International\/wp-json\/wp\/v2\/media?parent=111763"}],"wp:term":[{"taxonomy":"category","embeddable":true,"href":"https:\/\/linitiative.ca\/International\/wp-json\/wp\/v2\/categories?post=111763"},{"taxonomy":"post_tag","embeddable":true,"href":"https:\/\/linitiative.ca\/International\/wp-json\/wp\/v2\/tags?post=111763"}],"curies":[{"name":"wp","href":"https:\/\/api.w.org\/{rel}","templated":true}]}}