{"id":111764,"date":"2021-02-21T04:55:59","date_gmt":"2021-02-21T09:55:59","guid":{"rendered":"https:\/\/linitiative.ca\/International\/le-capital-de-lanavet-et-sodepa-desormais-ouvert-aux-prives\/"},"modified":"2021-02-21T04:55:59","modified_gmt":"2021-02-21T09:55:59","slug":"le-capital-de-lanavet-et-sodepa-desormais-ouvert-aux-prives","status":"publish","type":"post","link":"https:\/\/linitiative.ca\/International\/le-capital-de-lanavet-et-sodepa-desormais-ouvert-aux-prives\/","title":{"rendered":"Le capital de Lanavet et Sodepa d\u00e9sormais ouvert aux priv\u00e9s"},"content":{"rendered":"<p>Le Laboratoire national v\u00e9t\u00e9rinaire\u00a0(Lanavet), et la Soci\u00e9t\u00e9 de d\u00e9veloppement et d\u2019exploitation des productions animales (Sodepa), viennent d\u2019\u00eatre transform\u00e9s en soci\u00e9t\u00e9 \u00e0 capital public. C\u2019est \u00e0 la faveur d\u2019un d\u00e9cret pr\u00e9sidentiel sign\u00e9 le vendredi 12 f\u00e9vrier 2021. Ce changement de statut figure parmi les perspectives indiqu\u00e9es pour ces deux entreprises par la Commission technique de\u00a0\u00a0R\u00e9habilitation des Entreprises du secteur public et parapublic (CTR) dans son rapport de 2019. \u00ab\u00a0L\u2019adoption du nouveau statut juridique en conformit\u00e9 avec les lois de 2017 sur les Entreprises Publiques, ainsi que la mise en place de tous les organes sociaux, notamment l\u2019Assembl\u00e9e G\u00e9n\u00e9rale\u00a0\u00bb, pour le Lanavet, qui \u00e9tait alors un \u00e9tablissement \u00e0 caract\u00e8re industriel et commercial. Et \u00ab\u00a0la mise en conformit\u00e9 des statuts de la SODEPA avec la loi n\u00b02017\/011 du 12 juillet 2017 portant statut g\u00e9n\u00e9ral des Entreprises Publiques et \u00e0 la mise en \u0153uvre du nouvel organigramme issu du POE\u00a0(plan d\u2019organisation et des effectifs\u00bb, pour la Sodepa, qui fonctionnait comme un \u00e9tablissement public avec des pouvoirs limit\u00e9s sur son d\u00e9ploiement.<\/p>\n<p><strong>Lire aussi<\/strong> : <a href=\"https:\/\/ecomatin.net\/la-sodepa-affiche-un-benefice-de-10675-millions-en-2019\/\">La Sodepa affiche un b\u00e9n\u00e9fice de 106,75 millions en 2019<\/a><\/p>\n<p>De fa\u00e7on plus concr\u00e8te une soci\u00e9t\u00e9 \u00e0 capital public selon la loi \u00b02017\/011 du 12 juillet 2017 portant statut g\u00e9n\u00e9ral des Entreprises Publiques, est une :\u00a0\u00ab\u00a0personne morale de droit priv\u00e9, dot\u00e9e de l\u2019autonomie financi\u00e8re et d\u2019un capital-actions int\u00e9gralement d\u00e9tenu par l\u2019Etat, une ou plusieurs entreprises publiques ou une plusieurs collectivit\u00e9s territoriales d\u00e9centralis\u00e9es, cr\u00e9e en vue de l\u2019ex\u00e9cution, dans l\u2019int\u00e9r\u00eat g\u00e9n\u00e9ral, des activit\u00e9s pr\u00e9sentant un caract\u00e8re industriel commercial et financier\u00bb. Le m\u00eame d\u00e9cret pr\u00e9cise \u00e9galement que ces soci\u00e9t\u00e9s disposent de \u00ab\u00a0L\u2019Etat comme unique actionnaire et fonctionnant sous la forme d\u2019une Soci\u00e9t\u00e9 anonyme S.A\u00bb.<\/p>\n<p>Ce m\u00eame d\u00e9cret expose aussi une augmentation du capital de la Sodepa. Il passe de 833,750\u00a0millions \u00e0 11,962\u00a0milliards de Fcfa, soit une augmentation de 11,12 milliards. Il se divise en 1 196 actions, de valeur nominale de 10\u00a0000 Fcfa chacune et une soulte de 1\u00a0262 Fcfa enti\u00e8rement lib\u00e9r\u00e9es et d\u00e9tenues par l\u2019Etat. Il y dispose de 97,67% des parts et la Soci\u00e9t\u00e9 nationale d\u2019investissement (SNI), 2,33%. Actionnariat qui \u00e9tait d\u00e9tenu avant \u00e0 66,66% par l\u2019Etat et 33,34% par la SNI. Pour Lanavet, le capital reste inchang\u00e9. Il est fix\u00e9 \u00e0 4 milliards et se divise en 99 4479 actions, de valeur nominale de 50\u00a0000 Fcfa chacune, enti\u00e8rement lib\u00e9r\u00e9es et d\u00e9tenues par l\u2019Etat. Soit 100% des parts \u00e0 son actif.<\/p>\n<p><strong>Performances<\/strong><\/p>\n<p>La Sodepa et Lanavet font partie des entreprises du secteur de l\u2019industrie animale. Selon les donn\u00e9es du rapport de la CTR, au cas par cas, Lanavet affiche entre autres crit\u00e8res de performance un chiffre d\u2019affaires en hausse de 2,86% soit\u00a0\u00a01,042 milliard de Fcfa\u00a0; des pertes aggrav\u00e9es de -703,479 millions\u00a0; une tr\u00e9sorerie nette de 290 millions. En changeant de statut, il sera aussi attendu de Lanavet que celle-ci augmente ses r\u00e9sultats. C\u2019est sur cette lanc\u00e9e que la CTR propose comme autres perspectives en plus du changement de statut juridique ci-dessous \u00e9voqu\u00e9 \u00abla poursuite du parach\u00e8vement de l\u2019acquisition des \u00e9quipements productifs command\u00e9s et non encore r\u00e9ceptionn\u00e9s dans le cadre du Contrat-plan Etat\/LANAVET, l\u2019autonomisation du processus d\u2019acquisition et de mise en place de proc\u00e9dures convenables de recouvrement des cr\u00e9ances aupr\u00e8s des points focaux r\u00e9gionaux de la tutelle technique\u00bb.<\/p>\n<p><strong>Lire aussi<\/strong> : <a href=\"https:\/\/ecomatin.net\/entites-publiques-les-neufs-entreprises-a-fort-potentiel\/\">Entit\u00e9s publiques : les neufs entreprises \u00e0 fort potentiel<\/a><\/p>\n<p>Du c\u00f4t\u00e9 de la Sodepa, l\u2019on affiche plut\u00f4t des points positifs\u00a0: un chiffre d\u2019affaires en hausse de 8,45% soit 2,180 milliards\u00a0; des b\u00e9n\u00e9fices de 106,936 millions\u00a0; une tr\u00e9sorerie nette de 229,398 millions. Pour celle-ci il est pr\u00e9conis\u00e9 par la CTR \u00ab\u00a0de proc\u00e9der \u00e0 la poursuite de la modernisation de l\u2019appareil de production dans les ranchs, \u00e0 la p\u00e9rennisation des r\u00e9sultats des travaux sur l\u2019am\u00e9lioration g\u00e9n\u00e9tique (transfert d\u2019embryons, production des semences, ins\u00e9mination artificielle), au renforcement des capacit\u00e9s du personnel au plan technique, \u00e0 l\u2019\u00e9valuation annuelle les co\u00fbts de missions de service public r\u00e9alis\u00e9s par la Sodepa\u00a0\u00bb.<\/p>\n<p>Auteur: Cindy MBALA<br \/>\n<a href=\"https:\/\/ecomatin.net\/le-capital-de-lanavet-et-sodepa-desormais-ouvert-aux-prives\/\">Cliquez ici pour lire l&rsquo;article depuis sa source.<\/a><\/p>\n","protected":false},"excerpt":{"rendered":"<p>Le Laboratoire national v\u00e9t\u00e9rinaire\u00a0(Lanavet), et la Soci\u00e9t\u00e9 de d\u00e9veloppement et d\u2019exploitation des productions animales (Sodepa), viennent d\u2019\u00eatre transform\u00e9s en soci\u00e9t\u00e9 \u00e0 capital public. C\u2019est \u00e0 la faveur d\u2019un d\u00e9cret pr\u00e9sidentiel sign\u00e9 le vendredi 12 f\u00e9vrier 2021. Ce changement de statut figure parmi les perspectives indiqu\u00e9es pour ces deux entreprises par la Commission technique de\u00a0\u00a0R\u00e9habilitation des [&hellip;]<\/p>\n","protected":false},"author":1969,"featured_media":0,"comment_status":"closed","ping_status":"closed","sticky":false,"template":"","format":"standard","meta":{"fifu_image_url":"","fifu_image_alt":"","footnotes":""},"categories":[82,78],"tags":[],"class_list":["post-111764","post","type-post","status-publish","format-standard","hentry","category-cameroun","category-economie"],"_links":{"self":[{"href":"https:\/\/linitiative.ca\/International\/wp-json\/wp\/v2\/posts\/111764","targetHints":{"allow":["GET"]}}],"collection":[{"href":"https:\/\/linitiative.ca\/International\/wp-json\/wp\/v2\/posts"}],"about":[{"href":"https:\/\/linitiative.ca\/International\/wp-json\/wp\/v2\/types\/post"}],"author":[{"embeddable":true,"href":"https:\/\/linitiative.ca\/International\/wp-json\/wp\/v2\/users\/1969"}],"replies":[{"embeddable":true,"href":"https:\/\/linitiative.ca\/International\/wp-json\/wp\/v2\/comments?post=111764"}],"version-history":[{"count":0,"href":"https:\/\/linitiative.ca\/International\/wp-json\/wp\/v2\/posts\/111764\/revisions"}],"wp:attachment":[{"href":"https:\/\/linitiative.ca\/International\/wp-json\/wp\/v2\/media?parent=111764"}],"wp:term":[{"taxonomy":"category","embeddable":true,"href":"https:\/\/linitiative.ca\/International\/wp-json\/wp\/v2\/categories?post=111764"},{"taxonomy":"post_tag","embeddable":true,"href":"https:\/\/linitiative.ca\/International\/wp-json\/wp\/v2\/tags?post=111764"}],"curies":[{"name":"wp","href":"https:\/\/api.w.org\/{rel}","templated":true}]}}