{"id":111767,"date":"2021-02-22T07:56:46","date_gmt":"2021-02-22T12:56:46","guid":{"rendered":"https:\/\/linitiative.ca\/International\/paradis-fiscaux-le-maroc-sort-de-la-liste-grise\/"},"modified":"2021-02-22T07:56:46","modified_gmt":"2021-02-22T12:56:46","slug":"paradis-fiscaux-le-maroc-sort-de-la-liste-grise","status":"publish","type":"post","link":"https:\/\/linitiative.ca\/International\/paradis-fiscaux-le-maroc-sort-de-la-liste-grise\/","title":{"rendered":"Paradis fiscaux : Le Maroc sort de la liste grise"},"content":{"rendered":"<figure class=\"post-thumbnail\" itemprop=\"associatedMedia\" itemscope=\"itemscope\" itemtype=\"http:\/\/schema.org\/ImageObject\"><img decoding=\"async\" class=\"post_layout_5_img\" src=\"http:\/\/aujourdhui.ma\/wp-content\/uploads\/2021\/02\/Bruxelles-Union-europeenne-UE.jpg\" alt=\"Paradis fiscaux : Le Maroc sort de la liste grise\"\/><\/figure>\n<p><span class=\"c5\"><strong>Apr\u00e8s les r\u00e9formes entreprises, en ligne avec les conditions de l\u2019UE et les normes internationales<\/strong><\/span><\/p>\n<p>Bonne nouvelle. Le Maroc ne figure plus sur la liste grise de l\u2019UE des juridictions non coop\u00e9ratives \u00e0 des fins fiscales. En effet, le Conseil des affaires \u00e9trang\u00e8res de l\u2019UE, r\u00e9unissant les 27 ministres europ\u00e9ens des affaires \u00e9trang\u00e8res, a adopt\u00e9 ses conclusions sur les juridictions non coop\u00e9ratives \u00e0 des fins fiscales, \u00e0 savoir l\u2019acte formel de l\u2019UE qui confirme l\u2019avis positif du Groupe Code de Conduite du Conseil de l\u2019UE (CCG) et retir\u00e9 le Maroc de l\u2019Annex II \u2013 la liste des juridictions en attente d\u2019une \u00e9valuation de l\u2019UE sur ses engagements en mati\u00e8re fiscale. \u00ab\u00a0Les conclusions du Conseil de l\u2019UE, approuv\u00e9es ce matin, sont l\u2019\u00e9tape finale et d\u00e9finitive de la proc\u00e9dure qui suit le feu vert des ambassadeurs des Etats membres de l\u2019UE et confirme : le Royaume sort d\u00e9finitivement de la liste grise de de l\u2019UE et devient donc \u00abGreen Listed\u00bb\u00a0\u00bb, apprend-on aupr\u00e8s des autorit\u00e9s. \u00ab\u00a0Ce d\u00e9veloppement t\u00e9moigne que les r\u00e9formes entreprises par le Royaume en mati\u00e8re fiscale sont en ligne avec les conditions de l\u2019UE et aux normes internationales, il t\u00e9moigne \u00e9galement de la coop\u00e9ration positive entre le autorit\u00e9s marocaines et europ\u00e9ennes sur ce sujet.<\/p>\n<p>Pour rappel, le Maroc fait partie des pays qui se sont engag\u00e9s \u00e0 mettre en conformit\u00e9 leurs syst\u00e8mes fiscaux avec les normes de bonne gouvernance, dans le cadre de l\u2019am\u00e9lioration de la transparence fiscale au niveau mondial\u00a0\u00bb, ajoute la m\u00eame source. Pour rappel, plusieurs dispositions l\u00e9gislatives ont \u00e9t\u00e9 adopt\u00e9es selon la nature de chaque r\u00e9gime fiscal dans le cadre du processus de r\u00e9formes entam\u00e9es depuis la loi de Finances pour l\u2019ann\u00e9e 2018. Tout au long du processus d\u2019\u00e9valuation de son syst\u00e8me fiscal, le Maroc se f\u00e9licite d\u2019avoir r\u00e9ussi \u00e0 convaincre l\u2019OCDE et ses partenaires europ\u00e9ens du r\u00e9alisme de sa vision qui consiste d\u2019une part \u00e0 prouver sa ferme d\u00e9termination \u00e0 se conformer aux normes de bonne gouvernance fiscale \u00a0en prenant \u00a0les mesures n\u00e9cessaires de mani\u00e8re transparente et graduelle et d\u2019autre part \u00e0 \u00a0veiller \u00e0 la sauvegarde de ses int\u00e9r\u00eats socio-\u00e9conomiques.<\/p>\n<p>Cette \u00e9valuation positive \u00e9tait attendue depuis la visite du ministre de l\u2019\u00e9conomie et des finances, Mohamed Benchaaboun, \u00e0 Bruxelles en f\u00e9vrier 2020, et de sa rencontre avec son homologue europ\u00e9en, le commissaire Paolo Gentiloni, qui dirige la direction de la Commission europ\u00e9enne sur la taxation (TAXUD), responsable de proposer au CCG les consid\u00e9rations et \u00e9valuations techniques sur la base desquelles la liste des juridictions non coop\u00e9ratives \u00e0 des fins fiscales est constitu\u00e9e.<\/p>\n<p>\u00ab\u00a0Au terme de ce processus d\u2019\u00e9valuation, le Maroc note avec satisfaction la d\u00e9cision de sortir d\u00e9finitivement de la liste \u00abgrise\u00bb. Cette d\u00e9cision t\u00e9moigne que les mesures prises sont accueillies favorablement par ses partenaires et que les efforts consentis et les actions entreprises s\u2019inscrivent parfaitement dans la lign\u00e9e de la bonne gouvernance fiscale, conform\u00e9ment aux normes internationales\u00a0\u00bb, concluent les autorit\u00e9s.<\/p>\n<p>Auteur: ALM<br \/>\n<a href=\"https:\/\/aujourdhui.ma\/actualite\/paradis-fiscaux-le-maroc-sort-de-la-liste-grise\">Cliquez ici pour lire l&rsquo;article depuis sa source.<\/a><\/p>\n","protected":false},"excerpt":{"rendered":"<p>Apr\u00e8s les r\u00e9formes entreprises, en ligne avec les conditions de l\u2019UE et les normes internationales Bonne nouvelle. Le Maroc ne figure plus sur la liste grise de l\u2019UE des juridictions non coop\u00e9ratives \u00e0 des fins fiscales. En effet, le Conseil des affaires \u00e9trang\u00e8res de l\u2019UE, r\u00e9unissant les 27 ministres europ\u00e9ens des affaires \u00e9trang\u00e8res, a adopt\u00e9 [&hellip;]<\/p>\n","protected":false},"author":1759,"featured_media":0,"comment_status":"closed","ping_status":"closed","sticky":false,"template":"","format":"standard","meta":{"fifu_image_url":"http:\/\/aujourdhui.ma\/wp-content\/uploads\/2021\/02\/Bruxelles-Union-europeenne-UE.jpg","fifu_image_alt":"Paradis fiscaux : Le Maroc sort de la liste grise","footnotes":""},"categories":[73,54],"tags":[],"class_list":["post-111767","post","type-post","status-publish","format-standard","hentry","category-actualite","category-maroc"],"_links":{"self":[{"href":"https:\/\/linitiative.ca\/International\/wp-json\/wp\/v2\/posts\/111767","targetHints":{"allow":["GET"]}}],"collection":[{"href":"https:\/\/linitiative.ca\/International\/wp-json\/wp\/v2\/posts"}],"about":[{"href":"https:\/\/linitiative.ca\/International\/wp-json\/wp\/v2\/types\/post"}],"author":[{"embeddable":true,"href":"https:\/\/linitiative.ca\/International\/wp-json\/wp\/v2\/users\/1759"}],"replies":[{"embeddable":true,"href":"https:\/\/linitiative.ca\/International\/wp-json\/wp\/v2\/comments?post=111767"}],"version-history":[{"count":0,"href":"https:\/\/linitiative.ca\/International\/wp-json\/wp\/v2\/posts\/111767\/revisions"}],"wp:attachment":[{"href":"https:\/\/linitiative.ca\/International\/wp-json\/wp\/v2\/media?parent=111767"}],"wp:term":[{"taxonomy":"category","embeddable":true,"href":"https:\/\/linitiative.ca\/International\/wp-json\/wp\/v2\/categories?post=111767"},{"taxonomy":"post_tag","embeddable":true,"href":"https:\/\/linitiative.ca\/International\/wp-json\/wp\/v2\/tags?post=111767"}],"curies":[{"name":"wp","href":"https:\/\/api.w.org\/{rel}","templated":true}]}}