{"id":111768,"date":"2021-02-22T08:00:55","date_gmt":"2021-02-22T13:00:55","guid":{"rendered":"https:\/\/linitiative.ca\/International\/de-lespace-pour-la-distanciation-physique\/"},"modified":"2021-02-22T08:00:55","modified_gmt":"2021-02-22T13:00:55","slug":"de-lespace-pour-la-distanciation-physique","status":"publish","type":"post","link":"https:\/\/linitiative.ca\/International\/de-lespace-pour-la-distanciation-physique\/","title":{"rendered":"De l\u2019espace pour la distanciation physique"},"content":{"rendered":"<figure class=\"post-thumbnail\" itemprop=\"associatedMedia\" itemscope=\"itemscope\" itemtype=\"http:\/\/schema.org\/ImageObject\"><img decoding=\"async\" class=\"post_layout_5_img\" src=\"http:\/\/aujourdhui.ma\/wp-content\/uploads\/2021\/02\/Securite-Distanciation-Covid-19-.jpg\" alt=\"De l\u2019espace pour la distanciation physique\"\/><\/figure>\n<p><span class=\"c5\"><strong>Les \u00e9crans plats, qui sont couramment utilis\u00e9s dans nombre de ces environnements, offrent peu de flexibilit\u00e9 et n\u2019offrent aucune possibilit\u00e9 d\u2019agrandir la taille de l\u2019image. Utiliser un projecteur peut \u00eatre une solution.<\/strong><\/span> <span id=\"more-368955\"\/><\/p>\n<figure id=\"attachment_368997\" class=\"wp-caption alignleft c7\"><a href=\"https:http:\/\/aujourdhui.ma\/wp-content\/uploads\/2021\/02\/Joseph-Valleau-1.jpg\"><img decoding=\"async\" loading=\"lazy\" class=\"wp-image-368997\" src=\"http:\/\/aujourdhui.ma\/wp-content\/uploads\/2021\/02\/Joseph-Valleau-1.jpg\" alt=\"\" width=\"211\" height=\"215\" srcset=\"http:\/\/aujourdhui.ma\/wp-content\/uploads\/2021\/02\/Joseph-Valleau-1.jpg 373w, \/\/aujourdhui.ma\/wp-content\/uploads\/2021\/02\/Joseph-Valleau-1-294x300.jpg 294w, \/\/aujourdhui.ma\/wp-content\/uploads\/2021\/02\/Joseph-Valleau-1-36x36.jpg 36w\" sizes=\"auto, (max-width: 211px) 100vw, 211px\"\/><\/a><figcaption class=\"wp-caption-text\"><span class=\"c6\"><strong>Par Joseph Valleau (*)<\/strong><\/span><\/figcaption><\/figure>\n<p>Alors que le contexte sanitaire de la Covid-19 s\u2019impose durablement, les responsables d\u2019entreprises et d\u2019\u00e9tablissements scolaires s\u2019efforcent de trouver la mani\u00e8re de composer avec les restrictions et l\u2019imp\u00e9ratif des gestes barri\u00e8res pour continuer \u00e0 r\u00e9unir les gens en toute s\u00e9curit\u00e9 dans des environnements g\u00e9n\u00e9ralement tr\u00e8s fr\u00e9quent\u00e9s.<br \/>Un th\u00e8me qui devient clair \u00e0 travers le monde est la n\u00e9cessit\u00e9 de distanciation physique que l\u2019on va probablement devoir respecter sur le long terme. Dans la pratique, c\u2019est tout \u00e0 fait logique \u2013 permettre davantage de libert\u00e9s, permettre le retour de l\u2019ensemble des enfants \u00e0 l\u2019\u00e9cole et des collaborateurs au travail et, in fine, relancer l\u2019\u00e9conomie, tout en maintenant certaines restrictions afin d\u2019assurer la s\u00e9curit\u00e9 des gens. Dans la pratique, cependant, la distanciation sociale pose un certain nombre de d\u00e9fis.<br \/>De nombreux \u00e9tablissements d\u2019enseignement composent avec un manque d\u2019espace dans le meilleur des cas, et au sein des entreprises, les co\u00fbts des organisations font que la plupart des entreprises ne paient que pour l\u2019espace dont elles ont besoin en temps \u00abnormal\u00bb. Que se passe-t-il donc maintenant que, au lieu d\u2019avoir besoin de quelques m\u00e8tres d\u2019espace allou\u00e9, chaque personne a besoin d\u2019environ deux m\u00e8tres ? Il est clair que des changements doivent \u00eatre envisag\u00e9s.<\/p>\n<p><strong>La technologie : Une solution pour la reprise<\/strong><\/p>\n<p>Pour de nombreux \u00e9tablissements, le retour en pr\u00e9sentiel va se faire par \u00e9tapes \u2013 quelques classes ou quelques groupes de travail ou \u00e9quipes \u00e0 la fois afin de ne pas surpeupler les environnements. L\u00e0 encore, cette approche est sens\u00e9e, mais elle cr\u00e9e de nouveaux d\u00e9fis. Par exemple, comment inclure les personnes n\u2019\u00e9tant pas pr\u00e9sentes physiquement et comment faire participer les enfants au fond de la classe afin de maintenir la distance?<br \/>Mais l\u2019engagement n\u2019est pas le seul d\u00e9fi. Plus fondamentalement, comment les changements apport\u00e9s \u00e0 un espace nous affecteront-ils physiquement ? Dans de nombreuses salles de classe ou espaces de r\u00e9union, le fait d\u2019\u00e9loigner les gens de deux m\u00e8tres pose un d\u00e9fi de taille : faire en sorte que tous les enfants de la classe, ou les personnes pr\u00e9sentes dans une salle de r\u00e9union, puissent voir correctement les supports visuels de la le\u00e7on ou les documents de la r\u00e9union qui sont pr\u00e9sent\u00e9s \u00e0 l\u2019avant de la salle.<br \/>Les \u00e9crans plats, qui sont couramment utilis\u00e9s dans nombre de ces environnements, offrent peu de flexibilit\u00e9 et n\u2019offrent aucune possibilit\u00e9 d\u2019agrandir la taille de l\u2019image.<br \/>Utiliser un projecteur peut \u00eatre une solution. L\u00e0 encore, d\u00e9j\u00e0 couramment utilis\u00e9 dans ces environnements, il offre une solution beaucoup plus souple. En augmentant la taille de l\u2019\u00e9cran, celui-ci devient accessible \u00e0 toutes les personnes pr\u00e9sentes dans la pi\u00e8ce. Les cours peuvent donc \u00eatre plus inclusifs, plus collaboratifs et plus faciles \u00e0 retenir, et les r\u00e9unions plus productives et percutantes.<\/p>\n<p><strong>Garantir la collaboration et l\u2019inclusion<\/strong><\/p>\n<p>L\u2019autre d\u00e9fi imm\u00e9diat concerne l\u2019autre moiti\u00e9 du groupe, c\u2019est-\u00e0-dire les personnes exclues de la salle de classe ou du lieu de travail, m\u00eame si ce n\u2019est qu\u2019en alternance ou quelques jours par semaine.<br \/>L\u00e0 encore, une partie de la r\u00e9ponse pourrait se trouver dans la technologie. L\u2019utilisation de solutions collaboratives, telles que les projecteurs interactifs, signifie que non seulement les personnes pr\u00e9sentes dans la salle peuvent participer \u00e0 la le\u00e7on ou \u00e0 la r\u00e9union, mais aussi celles qui se trouvent chez elles. Et non seulement chacun peut voir le contenu, mais il peut aussi l\u2019annoter, partager des id\u00e9es et ajouter au travail de groupe tout en restant inclus dans le processus. De cette fa\u00e7on, plusieurs appareils peuvent projeter simultan\u00e9ment et partager le contenu entre eux.<br \/>Les visualiseurs sont un autre outil id\u00e9al pour projeter en direct des objets en 3D, permettant ainsi aux grands groupes de personnes, physiquement pr\u00e9sentes ou non, de partager une vue d\u00e9taill\u00e9e et en gros plan d\u2019un \u00e9l\u00e9ment sans avoir \u00e0 s\u2019attrouper autour de celui-ci ni \u00e0 se le faire passer.<\/p>\n<p><strong>Penser au long terme tout en \u0153uvrant pour les besoins d\u2019aujourd\u2019hui<\/strong><\/p>\n<p>De nombreuses solutions mises en \u0153uvre au cours des prochains mois seront bas\u00e9es sur ce qui est d\u00e9j\u00e0 disponible, mais pour de nombreux \u00e9tablissements, des investissements seront n\u00e9cessaires. Dans ce cas, il est important de bien faire les choses et d\u2019examiner comment les produits seront b\u00e9n\u00e9fiques sur le long terme mais \u00e9galement aujourd\u2019hui. La flexibilit\u00e9 est bien s\u00fbr essentielle.<br \/>Cette situation devrait se prolonger avec un retour progressif \u00e0 ce qui sera probablement une version r\u00e9vis\u00e9e de la \u00abnormale\u00bb, et personne ne sait vraiment \u00e0 quoi cela ressemblera. Mais, quoi qu\u2019il en soit, nous devons nous assurer que nous sommes justes \u2013 que tous les enfants pr\u00e9sents dans la pi\u00e8ce puissent voir le contenu et aient les m\u00eames chances d\u2019apprendre \u2013 et que nous tirons le meilleur parti de notre main-d\u2019\u0153uvre. Aucun \u00e9tudiant ou employ\u00e9 ne sera performant s\u2019il est exclu des le\u00e7ons ou des r\u00e9unions importantes ou s\u2019il ne dispose pas des bonnes informations parce qu\u2019il ne peut pas les voir.<br \/>Les projecteurs et les visualiseurs ne sont bien s\u00fbr qu\u2019une partie de la r\u00e9ponse, mais ils offrent une excellente solution pour r\u00e9soudre au moins certaines de ces probl\u00e9matiques.<br \/>Quoi qu\u2019il advienne, le chemin vers la reprise sera probablement long, mais nous pouvons chercher des moyens de faciliter ce processus.<\/p>\n<p><span class=\"c6\"><strong>(*) Directeur des ventes d\u2019Epson<\/strong><\/span><br \/><span class=\"c6\"><strong>Afrique du Nord &amp; Dom Com<\/strong><\/span><\/p>\n<p>Auteur: ALM<br \/>\n<a href=\"https:\/\/aujourdhui.ma\/high-tech\/de-lespace-pour-la-distanciation-physique\">Cliquez ici pour lire l&rsquo;article depuis sa source.<\/a><\/p>\n","protected":false},"excerpt":{"rendered":"<p>Les \u00e9crans plats, qui sont couramment utilis\u00e9s dans nombre de ces environnements, offrent peu de flexibilit\u00e9 et n\u2019offrent aucune possibilit\u00e9 d\u2019agrandir la taille de l\u2019image. Utiliser un projecteur peut \u00eatre une solution. Par Joseph Valleau (*) Alors que le contexte sanitaire de la Covid-19 s\u2019impose durablement, les responsables d\u2019entreprises et d\u2019\u00e9tablissements scolaires s\u2019efforcent de trouver [&hellip;]<\/p>\n","protected":false},"author":1759,"featured_media":0,"comment_status":"closed","ping_status":"closed","sticky":false,"template":"","format":"standard","meta":{"fifu_image_url":"http:\/\/aujourdhui.ma\/wp-content\/uploads\/2021\/02\/Securite-Distanciation-Covid-19-.jpg","fifu_image_alt":"De l\u2019espace pour la distanciation physique","footnotes":""},"categories":[73,54],"tags":[],"class_list":["post-111768","post","type-post","status-publish","format-standard","hentry","category-actualite","category-maroc"],"_links":{"self":[{"href":"https:\/\/linitiative.ca\/International\/wp-json\/wp\/v2\/posts\/111768","targetHints":{"allow":["GET"]}}],"collection":[{"href":"https:\/\/linitiative.ca\/International\/wp-json\/wp\/v2\/posts"}],"about":[{"href":"https:\/\/linitiative.ca\/International\/wp-json\/wp\/v2\/types\/post"}],"author":[{"embeddable":true,"href":"https:\/\/linitiative.ca\/International\/wp-json\/wp\/v2\/users\/1759"}],"replies":[{"embeddable":true,"href":"https:\/\/linitiative.ca\/International\/wp-json\/wp\/v2\/comments?post=111768"}],"version-history":[{"count":0,"href":"https:\/\/linitiative.ca\/International\/wp-json\/wp\/v2\/posts\/111768\/revisions"}],"wp:attachment":[{"href":"https:\/\/linitiative.ca\/International\/wp-json\/wp\/v2\/media?parent=111768"}],"wp:term":[{"taxonomy":"category","embeddable":true,"href":"https:\/\/linitiative.ca\/International\/wp-json\/wp\/v2\/categories?post=111768"},{"taxonomy":"post_tag","embeddable":true,"href":"https:\/\/linitiative.ca\/International\/wp-json\/wp\/v2\/tags?post=111768"}],"curies":[{"name":"wp","href":"https:\/\/api.w.org\/{rel}","templated":true}]}}