{"id":111769,"date":"2021-02-22T10:00:26","date_gmt":"2021-02-22T15:00:26","guid":{"rendered":"https:\/\/linitiative.ca\/International\/tanger-un-projet-de-transfert-des-unites-de-textile-vers-la-peripherie\/"},"modified":"2021-02-22T10:00:26","modified_gmt":"2021-02-22T15:00:26","slug":"tanger-un-projet-de-transfert-des-unites-de-textile-vers-la-peripherie","status":"publish","type":"post","link":"https:\/\/linitiative.ca\/International\/tanger-un-projet-de-transfert-des-unites-de-textile-vers-la-peripherie\/","title":{"rendered":"Tanger : Un projet de transfert des unit\u00e9s  de textile vers la p\u00e9riph\u00e9rie"},"content":{"rendered":"<figure class=\"post-thumbnail\" itemprop=\"associatedMedia\" itemscope=\"itemscope\" itemtype=\"http:\/\/schema.org\/ImageObject\"><img decoding=\"async\" class=\"post_layout_5_img\" src=\"http:\/\/aujourdhui.ma\/wp-content\/uploads\/2021\/02\/Textile-Maroc.jpg\" alt=\"Tanger : Un projet de transfert des unit\u00e9s de textile vers la p\u00e9riph\u00e9rie\"\/><\/figure>\n<p><span class=\"c5\"><strong>Une nouvelle zone industrielle bien adapt\u00e9e \u00e0 l\u2019exercice de leurs activit\u00e9s<\/strong><\/span><br \/><span id=\"more-368975\"\/><\/p>\n<p>Apr\u00e8s l\u2019inondation d\u2019une usine (dans la cave d\u2019une villa), qui a fait 28 morts, les autorit\u00e9s locales \u00e0 Tanger multiplient les r\u00e9unions avec des associations professionnelles, la Chambre de commerce, d\u2019industrie et de service, la commune et ses autres partenaires pour \u00e9tudier toutes les possibilit\u00e9s permettant de transf\u00e9rer des ateliers de textile, situ\u00e9s au centre-ville ou dans des zones d\u2019habitation, vers la p\u00e9riph\u00e9rie.<\/p>\n<p>Ainsi, elles ont d\u00e9cid\u00e9 en concertation avec les parties concern\u00e9es de doter la ville d\u2019un nouveau site industriel destin\u00e9 \u00e0 r\u00e9unir toutes ces usines dans des locaux bien adapt\u00e9s \u00e0 la capacit\u00e9 de leur production et \u00e0 l\u2019effectif de leurs personnels. Cette nouvelle zone industrielle sera construite sur une superficie de 17 hectares et selon les normes de s\u00e9curit\u00e9 en vigueur. Ce qui permet de lib\u00e9rer des quartiers d\u2019habitation et du centre-ville de ces usines et d\u2019assurer la s\u00e9curit\u00e9 de leurs employ\u00e9s tout en am\u00e9liorant leurs conditions du travail au sein des ateliers.<br \/>Notons que selon une enqu\u00eate r\u00e9alis\u00e9e \u00e0 la suite du drame de cette usine, plusieurs dizaines d\u2019unit\u00e9s de textiles se trouvent parmi des zones d\u2019habitation. Elle devraient \u00eatre transf\u00e9r\u00e9es \u00e0 ce nouveau site industriel bien adapt\u00e9 \u00e0 leurs activit\u00e9s industrielles.<\/p>\n<p><strong>Appel \u00e0 interdire des unit\u00e9s industrielles dans des zones d\u2019habitation<\/strong><\/p>\n<p>Par ailleurs, l\u2019inondation de l\u2019usine de textile \u00e0 Tanger a suscit\u00e9 l\u2019indignation de la population tang\u00e9roise et entra\u00een\u00e9 un \u00e9lan de solidarit\u00e9 avec les familles des victimes, mais aussi le soutien des industriels, particuli\u00e8rement des professionnels du textile, pour aider au recrutement des employ\u00e9s ayant surv\u00e9cu de ce drame. Elle a \u00e9t\u00e9 \u00e0 l\u2019origine de la mobilisation des Marocains en g\u00e9n\u00e9ral et des Tang\u00e9rois en particulier, sur les r\u00e9seaux sociaux pour appeler les responsables \u00e0 intervenir pour d\u00e9terminer les causes et toutes les responsabilit\u00e9s dans ce drame, tout en interdisant l\u2019exercice des activit\u00e9s industrielles dans des zones d\u2019habitation et sans aucun respect des mesures de s\u00e9curit\u00e9 des employ\u00e9s et la tranquillit\u00e9 du voisinage. D\u2019autant plus qu\u2019\u00e0 l\u2019instar de l\u2019usine o\u00f9 a eu lieu ce drame, certaines unit\u00e9s de textile \u2013 qui sont immatricul\u00e9es au registre du commerce et d\u00e9clar\u00e9es \u00e0 la CNSS \u2013 ont continu\u00e9 d\u2019exercer leurs activit\u00e9s sans aucune autorisation d\u2019exploitation de leurs locaux.<\/p>\n<p><strong>Une p\u00e9tition pour cr\u00e9er une zone pour les PME du textile<\/strong><\/p>\n<p>Il y a lieu de citer que pour l\u2019organisation, la restructuration et le d\u00e9veloppement du secteur, qui est \u00e0 l\u2019origine d\u2019un nombre croissant d\u2019emplois dans la r\u00e9gion du Nord, l\u2019Association marocaine des laur\u00e9ats des instituts du textile et de l\u2019habillement (AMALITH) vient d\u2019\u00e9mettre une p\u00e9tition \u00e0 destination du Conseil de la r\u00e9gion de Tanger-T\u00e9touan-Al Hoceima. Elles appellent les conseillers \u00e9lus \u00e0 intervenir pour contribuer \u00e0 la mise en place d\u2019une nouvelle zone industrielle, destin\u00e9e \u00e0 accueillir des PME du textile-habillement et d\u2019aider \u00e0 la promotion des programmes d\u2019innovation et la cr\u00e9ation de nouvelles marques nationales \u00e0 m\u00eame de rivaliser avec celles d\u00e9j\u00e0 existantes tant au niveau national qu\u2019international. Cette p\u00e9tition a \u00e9t\u00e9 lanc\u00e9e \u00e0 la suite d\u2019une rencontre organis\u00e9e par l\u2019Amalith sur la question de l\u2019inad\u00e9quation entre l\u2019offre de formation et les besoins des entreprises ainsi que les principaux obstacles au d\u00e9veloppement de l\u2019entrepreneuriat des jeunes dans le secteur.<\/p>\n<p>Auteur: Najat Fa\u00efssal<br \/>\n<a href=\"https:\/\/aujourdhui.ma\/economie\/tanger-un-projet-de-transfert-des-unites-de-textile-vers-la-peripherie\">Cliquez ici pour lire l&rsquo;article depuis sa source.<\/a><\/p>\n","protected":false},"excerpt":{"rendered":"<p>Une nouvelle zone industrielle bien adapt\u00e9e \u00e0 l\u2019exercice de leurs activit\u00e9s Apr\u00e8s l\u2019inondation d\u2019une usine (dans la cave d\u2019une villa), qui a fait 28 morts, les autorit\u00e9s locales \u00e0 Tanger multiplient les r\u00e9unions avec des associations professionnelles, la Chambre de commerce, d\u2019industrie et de service, la commune et ses autres partenaires pour \u00e9tudier toutes les [&hellip;]<\/p>\n","protected":false},"author":1759,"featured_media":0,"comment_status":"closed","ping_status":"closed","sticky":false,"template":"","format":"standard","meta":{"fifu_image_url":"http:\/\/aujourdhui.ma\/wp-content\/uploads\/2021\/02\/Textile-Maroc.jpg","fifu_image_alt":"Tanger : Un projet de transfert des unit\u00e9s  de textile vers la p\u00e9riph\u00e9rie","footnotes":""},"categories":[73,54],"tags":[],"class_list":["post-111769","post","type-post","status-publish","format-standard","hentry","category-actualite","category-maroc"],"_links":{"self":[{"href":"https:\/\/linitiative.ca\/International\/wp-json\/wp\/v2\/posts\/111769","targetHints":{"allow":["GET"]}}],"collection":[{"href":"https:\/\/linitiative.ca\/International\/wp-json\/wp\/v2\/posts"}],"about":[{"href":"https:\/\/linitiative.ca\/International\/wp-json\/wp\/v2\/types\/post"}],"author":[{"embeddable":true,"href":"https:\/\/linitiative.ca\/International\/wp-json\/wp\/v2\/users\/1759"}],"replies":[{"embeddable":true,"href":"https:\/\/linitiative.ca\/International\/wp-json\/wp\/v2\/comments?post=111769"}],"version-history":[{"count":0,"href":"https:\/\/linitiative.ca\/International\/wp-json\/wp\/v2\/posts\/111769\/revisions"}],"wp:attachment":[{"href":"https:\/\/linitiative.ca\/International\/wp-json\/wp\/v2\/media?parent=111769"}],"wp:term":[{"taxonomy":"category","embeddable":true,"href":"https:\/\/linitiative.ca\/International\/wp-json\/wp\/v2\/categories?post=111769"},{"taxonomy":"post_tag","embeddable":true,"href":"https:\/\/linitiative.ca\/International\/wp-json\/wp\/v2\/tags?post=111769"}],"curies":[{"name":"wp","href":"https:\/\/api.w.org\/{rel}","templated":true}]}}