{"id":111771,"date":"2021-02-22T09:13:41","date_gmt":"2021-02-22T14:13:41","guid":{"rendered":"https:\/\/linitiative.ca\/International\/%ef%bb%bflue-retire-definitivement-le-maroc-de-la-liste-grise\/"},"modified":"2021-02-22T09:13:41","modified_gmt":"2021-02-22T14:13:41","slug":"%ef%bb%bflue-retire-definitivement-le-maroc-de-la-liste-grise","status":"publish","type":"post","link":"https:\/\/linitiative.ca\/International\/%ef%bb%bflue-retire-definitivement-le-maroc-de-la-liste-grise\/","title":{"rendered":"\ufeffL\u2019UE retire d\u00e9finitivement le Maroc de la \u00abliste grise\u00bb"},"content":{"rendered":"<p class=\"c1\"><strong>Fiscalit\u00e9<\/strong><\/p>\n<p>En cons\u00e9cration des efforts du Royaume en mati\u00e8re de r\u00e9formes financi\u00e8res et de gouvernance fiscale, les Etats membres de l\u2019Union europ\u00e9enne (UE) ont d\u00e9cid\u00e9 de retirer le Maroc d\u00e9finitivement de la liste dite \u00abgrise\u00bb de la fiscalit\u00e9.<\/p>\n<p>Pour l\u2019UE, le Maroc se conforme d\u00e9sormais \u00e0 toutes les normes fiscales internationales qui lui permettent de figurer dans le club restreint des pays qui ont fait preuve d\u2019une \u00e9volution positive de leurs l\u00e9gislation et pratiques fiscales, a appris lundi la MAP aupr\u00e8s de l\u2019UE.<\/p>\n<p>\u00abDepuis 2018, le Maroc s\u2019est engag\u00e9 dans des actions visant \u00e0 garantir la conformit\u00e9 de son syst\u00e8me fiscal avec les principes mondiaux de transparence et d\u2019imposition \u00e9quitable, tels qu\u2019inscrits dans les crit\u00e8res de la liste de l\u2019UE\u00bb, a indiqu\u00e9 un porte-parole de l\u2019Union europ\u00e9enne dans une d\u00e9claration exclusive \u00e0 la MAP.<\/p>\n<p>Il a rappel\u00e9 que \u00ables autorit\u00e9s marocaines ont introduit r\u00e9cemment des r\u00e9formes qui modifient le r\u00e9gime fiscal de Casablanca Finance City pour le rendre conforme aux principes de concurrence fiscale loyale\u00bb.<\/p>\n<p>\u00abSuite \u00e0 une \u00e9valuation positive de cette r\u00e9forme par l\u2019OCDE\u00bb, a expliqu\u00e9 le porte-parole, \u00ables \u00c9tats membres ont d\u00e9cid\u00e9 de retirer le Maroc de l\u2019annexe II (NDLR : pays et territoires qui ne se conforment pas encore \u00e0 toutes les normes fiscales internationales).<\/p>\n<p>Le Maroc a en effet corrig\u00e9 deux r\u00e9gimes fiscaux pr\u00e9f\u00e9rentiels, \u00e0 savoir ceux des zones franches d\u2019exportation et des entreprises exportatrices \u00e0 travers la loi de finances 2020.<\/p>\n<p>Concernant le r\u00e9gime fiscal de Casablanca Finance City (CFC), le Maroc a \u00e9galement adopt\u00e9 une nouvelle loi r\u00e9gissant les activit\u00e9s de la City en vue de renforcer la transparence et la nature des activit\u00e9s qui y sont exerc\u00e9es et d\u2019am\u00e9liorer son attractivit\u00e9, notamment pour les entreprises \u00e9ligibles \u00e0 l\u2019obtention du statut sp\u00e9cifique au p\u00f4le financier de Casablanca.<\/p>\n<p>Auteur: M&rsquo;hammed rahal<br \/>\n<a href=\"http:\/\/albayane.press.ma\/%EF%BB%BFlue-retire-definitivement-le-maroc-de-la-liste-grise.html\">Cliquez ici pour lire l&rsquo;article depuis sa source.<\/a><\/p>\n","protected":false},"excerpt":{"rendered":"<p>Fiscalit\u00e9 En cons\u00e9cration des efforts du Royaume en mati\u00e8re de r\u00e9formes financi\u00e8res et de gouvernance fiscale, les Etats membres de l\u2019Union europ\u00e9enne (UE) ont d\u00e9cid\u00e9 de retirer le Maroc d\u00e9finitivement de la liste dite \u00abgrise\u00bb de la fiscalit\u00e9. Pour l\u2019UE, le Maroc se conforme d\u00e9sormais \u00e0 toutes les normes fiscales internationales qui lui permettent de [&hellip;]<\/p>\n","protected":false},"author":1760,"featured_media":0,"comment_status":"closed","ping_status":"closed","sticky":false,"template":"","format":"standard","meta":{"fifu_image_url":"","fifu_image_alt":"","footnotes":""},"categories":[73,54],"tags":[],"class_list":["post-111771","post","type-post","status-publish","format-standard","hentry","category-actualite","category-maroc"],"_links":{"self":[{"href":"https:\/\/linitiative.ca\/International\/wp-json\/wp\/v2\/posts\/111771","targetHints":{"allow":["GET"]}}],"collection":[{"href":"https:\/\/linitiative.ca\/International\/wp-json\/wp\/v2\/posts"}],"about":[{"href":"https:\/\/linitiative.ca\/International\/wp-json\/wp\/v2\/types\/post"}],"author":[{"embeddable":true,"href":"https:\/\/linitiative.ca\/International\/wp-json\/wp\/v2\/users\/1760"}],"replies":[{"embeddable":true,"href":"https:\/\/linitiative.ca\/International\/wp-json\/wp\/v2\/comments?post=111771"}],"version-history":[{"count":0,"href":"https:\/\/linitiative.ca\/International\/wp-json\/wp\/v2\/posts\/111771\/revisions"}],"wp:attachment":[{"href":"https:\/\/linitiative.ca\/International\/wp-json\/wp\/v2\/media?parent=111771"}],"wp:term":[{"taxonomy":"category","embeddable":true,"href":"https:\/\/linitiative.ca\/International\/wp-json\/wp\/v2\/categories?post=111771"},{"taxonomy":"post_tag","embeddable":true,"href":"https:\/\/linitiative.ca\/International\/wp-json\/wp\/v2\/tags?post=111771"}],"curies":[{"name":"wp","href":"https:\/\/api.w.org\/{rel}","templated":true}]}}