{"id":111772,"date":"2021-02-22T09:17:06","date_gmt":"2021-02-22T14:17:06","guid":{"rendered":"https:\/\/linitiative.ca\/International\/%ef%bb%bfdes-discussions-de-haute-facture-sur-le-theme-de-la-transmission\/"},"modified":"2021-02-22T09:17:06","modified_gmt":"2021-02-22T14:17:06","slug":"%ef%bb%bfdes-discussions-de-haute-facture-sur-le-theme-de-la-transmission","status":"publish","type":"post","link":"https:\/\/linitiative.ca\/International\/%ef%bb%bfdes-discussions-de-haute-facture-sur-le-theme-de-la-transmission\/","title":{"rendered":"\ufeffDes discussions de haute facture sur le th\u00e8me de la transmission"},"content":{"rendered":"<p class=\"c1\"><strong>Les actes de \u00abLettres du Maghreb\u00bb<\/strong><\/p>\n<p><strong>L\u2019Agence de l\u2019Oriental vient de publier les actes du troisi\u00e8me Salon maghr\u00e9bin du livre d\u2019Oujda \u00abLettres du Maghreb\u00bb, organis\u00e9 du 09 au 13 octobre 2019, une occasion pour revenir sur les discussions de grand int\u00e9r\u00eat ayant eu lieu autour du th\u00e8me de cette \u00e9dition, \u00abla transmission\u00bb.<\/strong><\/p>\n<p>Le Salon, organis\u00e9 par l\u2019Agence et qui s\u2019est \u00e9rig\u00e9 en \u00e9v\u00e8nement culturel majeur de la r\u00e9gion de l\u2019Oriental, avait confirm\u00e9 lors de cette 3\u00e8me \u00e9dition l\u2019int\u00e9r\u00eat que lui porte le public, totalisant 48.000 visiteurs venus d\u00e9couvrir les derni\u00e8res parutions de 40 \u00e9diteurs du Maroc et de l\u2019\u00e9tranger, avec le Cameroun comme invit\u00e9 d\u2019honneur.<\/p>\n<p>Surtout, la derni\u00e8re \u00e9dition de \u00abLettres du Maghreb\u00bb, tenue, comme les pr\u00e9c\u00e9dentes, sous le Haut patronage de SM le Roi Mohammed VI, avait accueilli quelque 260 \u00e9minents intervenants marocains et \u00e9trangers qui ont particip\u00e9 \u00e0 47 tables rondes et conf\u00e9rences, engendrant des \u00e9changes f\u00e9conds et passionnants autour de quatre th\u00e9matiques li\u00e9es \u00e0 la transmission : \u00abLes savoirs\u00bb, \u00abAu-del\u00e0 des fronti\u00e8res\u00bb, \u00abEloges de la traduction\u00bb et \u00abLes h\u00e9ritages\u00bb.<\/p>\n<p>Les participants, dont des \u00e9crivains, des artistes, des hommes des m\u00e9dias et des intellectuels venant de plusieurs pays, ont examin\u00e9 diff\u00e9rents aspects du th\u00e8me de cette \u00e9dition, allant de la traduction \u00e0 l\u2019histoire, de la litt\u00e9rature orale \u00e0 la soci\u00e9t\u00e9 digitale et de l\u2019art \u00e0 la g\u00e9opolitique. Selon les organisateurs, les sujets abord\u00e9s ont permis d\u2019enrichir le pr\u00e9sent et de penser l\u2019avenir.<\/p>\n<p>Dans ce sens, le directeur g\u00e9n\u00e9ral de l\u2019Agence de l\u2019Oriental et pr\u00e9sident du Salon, Mohamed Mbarki, a indiqu\u00e9 dans la pr\u00e9face de cet ouvrage, que ce rendez-vous culturel ne se contente pas de promouvoir le livre et la lecture et d\u2019offrir une grande librairie aux visiteurs, mais incarne un v\u00e9ritable espace de rencontres et de d\u00e9bats.<\/p>\n<p>\u00abLettres du Maghreb\u00bb s\u2019int\u00e8gre dans la strat\u00e9gie de d\u00e9veloppement de la r\u00e9gion de l\u2019Oriental qui, d\u00e8s le d\u00e9but, a revendiqu\u00e9 sa dimension culturelle, a-t-il soulign\u00e9, affirmant que l\u2019ind\u00e9pendance \u00e9ditoriale de ce salon permet d\u2019\u00e9lever le niveau des d\u00e9bats \u00abqui s\u2019adressent au monde et le font s\u2019exprimer \u00e0 Oujda\u00bb.<\/p>\n<p>La publication des actes de cette troisi\u00e8me \u00e9dition, en langues arabe et fran\u00e7aise, est l\u2019aboutissement d\u2019un travail de longue haleine qui a pris le temps n\u00e9cessaire pour reprendre le plus fid\u00e8lement possible les interventions des personnalit\u00e9s invit\u00e9es, tout en prenant en consid\u00e9ration l\u2019imp\u00e9ratif de respecter les mesures sanitaires li\u00e9es \u00e0 la pand\u00e9mie de la Covid-19.<\/p>\n<p>Au cours des diff\u00e9rentes conf\u00e9rences, tables-rondes et activit\u00e9s du salon, les participants ont partag\u00e9 leurs r\u00e9flexions et d\u00e9battu autour de plusieurs aspects de la transmission des savoirs, du patrimoine, des id\u00e9es, des pratiques, des id\u00e9aux et des croyances. Ils ont relev\u00e9 en particulier le r\u00f4le du livre dans cette transmission du savoir \u00e0 travers les lieux et les g\u00e9n\u00e9rations.<\/p>\n<p>Les nouvelles technologies de communication et leur rapport\/concurrence avec le livre ont \u00e9galement attir\u00e9 l\u2019attention des conf\u00e9renciers, qui ont, par ailleurs, accord\u00e9 un int\u00e9r\u00eat particulier au r\u00f4le de la traduction et de la migration dans ce processus de transmission.<\/p>\n<p>Certaines interventions ont eu un caract\u00e8re universel, d\u2019autres se sont int\u00e9ress\u00e9es en particulier \u00e0 la situation de la culture, du livre et de l\u2019interculturalit\u00e9 dans la r\u00e9gion maghr\u00e9bine, arabe, m\u00e9diterran\u00e9enne ou africaine<\/p>\n<p>Les participants ont, en outre, mis l\u2019accent sur la culture en tant que levier de d\u00e9veloppement, soulignant que ce salon est de nature \u00e0 jeter les bases d\u2019une v\u00e9ritable industrie de la culture \u00e0 Oujda et dans la r\u00e9gion de l\u2019Oriental dans le Royaume.<\/p>\n<p>A noter que cette nouvelle parution s\u2019accompagne de la publication d\u2019un num\u00e9ro sp\u00e9cial d\u2019\u00abOriental.ma\u00bb, la revue d\u2019information de l\u2019Agence de l\u2019Oriental, consacr\u00e9 au Salon maghr\u00e9bin du livre d\u2019Oujda, et qui \u00e9crit d\u00e9j\u00e0 une br\u00e8ve histoire de \u00abLettres du Maghreb\u00bb \u00e0 l\u2019issue de trois \u00e9ditions.<\/p>\n<p>Auteur: M&rsquo;hammed rahal<br \/>\n<a href=\"http:\/\/albayane.press.ma\/%EF%BB%BFdes-discussions-de-haute-facture-sur-le-theme-de-la-transmission.html\">Cliquez ici pour lire l&rsquo;article depuis sa source.<\/a><\/p>\n","protected":false},"excerpt":{"rendered":"<p>Les actes de \u00abLettres du Maghreb\u00bb L\u2019Agence de l\u2019Oriental vient de publier les actes du troisi\u00e8me Salon maghr\u00e9bin du livre d\u2019Oujda \u00abLettres du Maghreb\u00bb, organis\u00e9 du 09 au 13 octobre 2019, une occasion pour revenir sur les discussions de grand int\u00e9r\u00eat ayant eu lieu autour du th\u00e8me de cette \u00e9dition, \u00abla transmission\u00bb. Le Salon, organis\u00e9 [&hellip;]<\/p>\n","protected":false},"author":1760,"featured_media":0,"comment_status":"closed","ping_status":"closed","sticky":false,"template":"","format":"standard","meta":{"fifu_image_url":"","fifu_image_alt":"","footnotes":""},"categories":[73,54],"tags":[],"class_list":["post-111772","post","type-post","status-publish","format-standard","hentry","category-actualite","category-maroc"],"_links":{"self":[{"href":"https:\/\/linitiative.ca\/International\/wp-json\/wp\/v2\/posts\/111772","targetHints":{"allow":["GET"]}}],"collection":[{"href":"https:\/\/linitiative.ca\/International\/wp-json\/wp\/v2\/posts"}],"about":[{"href":"https:\/\/linitiative.ca\/International\/wp-json\/wp\/v2\/types\/post"}],"author":[{"embeddable":true,"href":"https:\/\/linitiative.ca\/International\/wp-json\/wp\/v2\/users\/1760"}],"replies":[{"embeddable":true,"href":"https:\/\/linitiative.ca\/International\/wp-json\/wp\/v2\/comments?post=111772"}],"version-history":[{"count":0,"href":"https:\/\/linitiative.ca\/International\/wp-json\/wp\/v2\/posts\/111772\/revisions"}],"wp:attachment":[{"href":"https:\/\/linitiative.ca\/International\/wp-json\/wp\/v2\/media?parent=111772"}],"wp:term":[{"taxonomy":"category","embeddable":true,"href":"https:\/\/linitiative.ca\/International\/wp-json\/wp\/v2\/categories?post=111772"},{"taxonomy":"post_tag","embeddable":true,"href":"https:\/\/linitiative.ca\/International\/wp-json\/wp\/v2\/tags?post=111772"}],"curies":[{"name":"wp","href":"https:\/\/api.w.org\/{rel}","templated":true}]}}