{"id":111773,"date":"2021-02-22T09:32:46","date_gmt":"2021-02-22T14:32:46","guid":{"rendered":"https:\/\/linitiative.ca\/International\/%ef%bb%bfseddiki-la-hausse-naurait-rien-dinquietant\/"},"modified":"2021-02-22T09:32:46","modified_gmt":"2021-02-22T14:32:46","slug":"%ef%bb%bfseddiki-la-hausse-naurait-rien-dinquietant","status":"publish","type":"post","link":"https:\/\/linitiative.ca\/International\/%ef%bb%bfseddiki-la-hausse-naurait-rien-dinquietant\/","title":{"rendered":"\ufeffSeddiki : \u00abLa hausse n\u2019aurait rien d\u2019inqui\u00e9tant\u00bb"},"content":{"rendered":"<p class=\"c1\"><strong>Prix \u00e0 la consommation<\/strong><\/p>\n<p class=\"c2\"><strong>Karim Ben Amar<\/strong><\/p>\n<p><strong>L\u2019indice des prix \u00e0 la consommation (IPC) a connu, au cours du mois de janvier 2021, une hausse de 0,1% par rapport au mois pr\u00e9c\u00e9dent, indique le Haut-commissariat au plan (HCP), dans une note d\u2019information relative \u00e0 l\u2019IPC du mois dernier. Cette variation, d\u2019apr\u00e8s la m\u00eame source, est le r\u00e9sultat de la stagnation de l\u2019indice des produits alimentaires et de la hausse de 0,2% de l\u2019indice des produits non alimentaires.<\/strong><\/p>\n<p>Les hausses des produits alimentaires observ\u00e9es entre d\u00e9cembre 2020 et janvier 2021 concernent principalement les \u00abpoissons et fruits de mer\u00bb avec 2,1%, les \u00abhuiles et graisses\u00bb avec 1,5% et les \u00abeaux min\u00e9rales, boissons rafraichissantes, jus de fruits et \u00a0l\u00e9gumes\u00bb avec 0,3%, rel\u00e8ve le HCP.<\/p>\n<p>Il ajoute en revanche que les prix ont diminu\u00e9 de 1,0% pour les \u00abL\u00e9gumes\u00bb et de 0,6% pour les \u00ab Fruits \u00bb et les \u00ab viandes \u00bb. Concernant les produits non alimentaires, la hausse a concern\u00e9 principalement les prix des \u00abTabacs\u00bb avec 2,3% et des \u00abCarburants\u00bb avec 2,5%, d\u2019apr\u00e8s la note du HCP.<\/p>\n<p>L\u2019\u00e9quipe d\u2019Al Bayane a contact\u00e9 l\u2019\u00e9conomiste Abdeslam Seddiki qui a affirm\u00e9 que \u00abcette hausse n\u2019aurait rien d\u2019inqui\u00e9tant. Il est aussi judicieux de noter que les chiffres d\u00e9voil\u00e9s par le HCP sont conforme aux pr\u00e9visions\u00a0\u00bb.<\/p>\n<p>\u00abIl est \u00e0 souligner que l\u2019inflation n\u2019est pas ravageuse pour une \u00e9conomie, bien au contraire. L\u2019inflation sert aussi \u00e0 booster le d\u00e9veloppement de l\u2019\u00e9conomie\u00bb, a-t-il soulign\u00e9.<\/p>\n<p>Quant \u00e0 la hausse le l\u2019IPC, en janvier 2021, elle est au m\u00eame niveau qu\u2019en janvier 2020. \u00ab\u00a0Cela prouverait que cette hausse n\u2019est en aucun cas alarmante\u00bb, ajoute l\u2019ancien ministre du Travail.<\/p>\n<p>Par ailleurs, il est \u00e0 noter que les hausses les plus importantes de l\u2019IPC ont \u00e9t\u00e9 enregistr\u00e9es \u00e0 K\u00e9nitra avec 0,7%, \u00e0 Safi avec 0,6%, \u00e0 T\u00e9touan et Errachidia avec 0,4%, \u00e0 Mekn\u00e8s avec 0,3% et \u00e0 Casablanca et Tanger avec 0,2%. Cependant, des baisses ont \u00e9t\u00e9 enregistr\u00e9es \u00e0 Dakhla avec 0,6%, \u00e0 La\u00e2youne avec 0,5% et \u00e0 Guelmim et Beni-Mellal avec 0,4%.<\/p>\n<p>A ce sujet, le professeur universitaire d\u00e9clare que \u00able disparit\u00e9 entre les villes n\u2019est pas \u00e9norme. Il n\u2019y a rien d\u2019alarmant, d\u2019autant plus que nous ne pouvons pas sortir avec des conclusions apr\u00e8s \u00e0 peine un mois\u00bb, a-t-il conclu.<\/p>\n<p>Enfin, il est a relev\u00e9 que d\u2019apr\u00e8s de nombreuses sources m\u00e9diatiques, une campagne de boycott de l\u2019huile v\u00e9g\u00e9tale est en train de s\u2019organiser, car ce produit de premi\u00e8re n\u00e9cessit\u00e9 a connu une hausse de 2 dirhams d\u2019apr\u00e8s ces m\u00eames sources. Pour rappel, une campagne de boycott avait connu un franc succ\u00e8s au Maroc en 2018. Les consommateurs d\u00e9non\u00e7aient des prix trop \u00e9lev\u00e9s. Cette campagne avait secou\u00e9 les trois firmes touch\u00e9es par le boycott.<\/p>\n<p>Auteur: M&rsquo;hammed rahal<br \/>\n<a href=\"http:\/\/albayane.press.ma\/%EF%BB%BFseddiki-la-hausse-naurait-rien-dinquietant.html\">Cliquez ici pour lire l&rsquo;article depuis sa source.<\/a><\/p>\n","protected":false},"excerpt":{"rendered":"<p>Prix \u00e0 la consommation Karim Ben Amar L\u2019indice des prix \u00e0 la consommation (IPC) a connu, au cours du mois de janvier 2021, une hausse de 0,1% par rapport au mois pr\u00e9c\u00e9dent, indique le Haut-commissariat au plan (HCP), dans une note d\u2019information relative \u00e0 l\u2019IPC du mois dernier. Cette variation, d\u2019apr\u00e8s la m\u00eame source, est [&hellip;]<\/p>\n","protected":false},"author":1760,"featured_media":0,"comment_status":"closed","ping_status":"closed","sticky":false,"template":"","format":"standard","meta":{"fifu_image_url":"","fifu_image_alt":"","footnotes":""},"categories":[73,54],"tags":[],"class_list":["post-111773","post","type-post","status-publish","format-standard","hentry","category-actualite","category-maroc"],"_links":{"self":[{"href":"https:\/\/linitiative.ca\/International\/wp-json\/wp\/v2\/posts\/111773","targetHints":{"allow":["GET"]}}],"collection":[{"href":"https:\/\/linitiative.ca\/International\/wp-json\/wp\/v2\/posts"}],"about":[{"href":"https:\/\/linitiative.ca\/International\/wp-json\/wp\/v2\/types\/post"}],"author":[{"embeddable":true,"href":"https:\/\/linitiative.ca\/International\/wp-json\/wp\/v2\/users\/1760"}],"replies":[{"embeddable":true,"href":"https:\/\/linitiative.ca\/International\/wp-json\/wp\/v2\/comments?post=111773"}],"version-history":[{"count":0,"href":"https:\/\/linitiative.ca\/International\/wp-json\/wp\/v2\/posts\/111773\/revisions"}],"wp:attachment":[{"href":"https:\/\/linitiative.ca\/International\/wp-json\/wp\/v2\/media?parent=111773"}],"wp:term":[{"taxonomy":"category","embeddable":true,"href":"https:\/\/linitiative.ca\/International\/wp-json\/wp\/v2\/categories?post=111773"},{"taxonomy":"post_tag","embeddable":true,"href":"https:\/\/linitiative.ca\/International\/wp-json\/wp\/v2\/tags?post=111773"}],"curies":[{"name":"wp","href":"https:\/\/api.w.org\/{rel}","templated":true}]}}