{"id":111774,"date":"2021-02-22T09:55:29","date_gmt":"2021-02-22T14:55:29","guid":{"rendered":"https:\/\/linitiative.ca\/International\/alger-quand-les-militaires-cultivent-le-ridicule\/"},"modified":"2021-02-22T09:55:29","modified_gmt":"2021-02-22T14:55:29","slug":"alger-quand-les-militaires-cultivent-le-ridicule","status":"publish","type":"post","link":"https:\/\/linitiative.ca\/International\/alger-quand-les-militaires-cultivent-le-ridicule\/","title":{"rendered":"Alger: quand les militaires cultivent le ridicule\u2026"},"content":{"rendered":"<p class=\"c1\"><strong>Sommet du G5 sur le Sahel<\/strong><\/p>\n<p class=\"c2\"><strong>Mohamed Khalil<\/strong><\/p>\n<p><strong>A l\u2019heure o\u00f9 le commun des mortels ne pr\u00eate plus d\u2019attention \u00e0 ce qui ce passe chez nos voisins de l\u2019Est, ni \u00e0 leurs d\u00e9clarations anachroniques et intempestives, pointant du doigt le Maroc pour tout malheur interne, le minist\u00e8re alg\u00e9rien de la D\u00e9fense enfonce le cloue et renoue avec ses fabuleuses d\u00e9couvertes.<\/strong><\/p>\n<p>Apr\u00e8s avoir maintenu, cor et bec, ses accusations contre le Maroc et les man\u0153uvres ourdies par le \u00abMakhzen\u00bb contre la \u00abr\u00e9volution\u00bb alg\u00e9rienne, voil\u00e0 que nos d\u00e9tracteurs de l\u2019Est ont fini, face \u00e0 l\u2019usure du temps et des r\u00e9p\u00e9titions sordides, par une nouvelle trouvaille. Celle du tandem Maroc-Isra\u00ebl, comme auteurs d\u2019actions imaginaires destin\u00e9es \u00e0 \u00abd\u00e9stabiliser\u00bb la r\u00e9publique alg\u00e9rienne (sic).<\/p>\n<p>Et derni\u00e8re sortie apocalyptique des d\u00e9tenteurs du pouvoir est la r\u00e9action officielle du MDN (minist\u00e8re de la d\u00e9fense nationale) en tant que \u00ab\u00a0haute\u00a0\u00bb autorit\u00e9 sur l\u2019arm\u00e9e\u2026 qui s\u2019en prend \u00e0 des Internautes qui ne font d\u2019ailleurs que r\u00e9p\u00e9ter ou interpr\u00e9ter ce que le pr\u00e9sident fran\u00e7ais, Emanuel Macron avait d\u00e9clar\u00e9, le 16 f\u00e9vrier dernier, apr\u00e8s la cl\u00f4ture du Sommet du G5 sur le Sahel \u00e0 Ndjamena. Reprenons le paragraphe officiel tir\u00e9 de ce discours officiel, pour en comprendre le sens et le contexte\u00a0: \u00abLors de ce sommet de N\u2019Djamena, nous avons eu clairement un premier signal aussi de r\u00e9engagement de la nouvelle administration am\u00e9ricaine avec un message vid\u00e9o du Secr\u00e9taire d\u2019\u00c9tat Blinken. Nous avons \u00e9galement eu une confirmation d\u2019un r\u00e9engagement alg\u00e9rien et marocain dont je me f\u00e9licite, car il est important pour la stabilit\u00e9 de la r\u00e9gion\u00bb.<\/p>\n<p>Le pr\u00e9sident fran\u00e7ais parlait de la Task Force \u00abTakuba\u00bb europ\u00e9enne et de ses soutiens externes.<\/p>\n<p>Alors Alger soutient la lutte contre le terrorisme ou bien, au contraire, elle s\u2019y oppose\u00a0? C\u2019est la question pertinente \u00e0 laquelle les g\u00e9n\u00e9raux doivent r\u00e9pondre\u2026\u00a0<\/p>\n<p>Et si certains r\u00e9seaux sociaux ont interpr\u00e9t\u00e9 les propos de Macron comme une \u00e9ventuelle d\u00e9cision de l\u2019Alg\u00e9rie de participer \u00e0 des missions militaires au Sahel, le minist\u00e8re alg\u00e9rien de la D\u00e9fense aurait pu uniquement d\u00e9mentir l\u2019information, \u00abimpr\u00e9cise ou fausse\u00bb, v\u00e9hicul\u00e9e par le chef de l\u2019Etat fran\u00e7ais.<\/p>\n<p>Elle saute sur cette occasion pour verser son venin sur le Maroc qu\u2019elle associe \u00e0 Isra\u00ebl dans d\u2019imaginaires attaques contre la fameuse \u00abr\u00e9volution\u00bb\u2026<\/p>\n<p>C\u2019est une premi\u00e8re cependant. L\u2019institution militaire alg\u00e9rienne \u00e9voque un complot ourdi par le Maroc et Isra\u00ebl, de mani\u00e8re concert\u00e9e (resic)..! Dans cette sale besogne, c\u2019est, \u00e9galement, le recours \u00e0 l\u2019amalgame, savamment utilis\u00e9, dans la vaine tentative de semer la confusion dans les esprits\u2026 en vouant aux g\u00e9monies l\u2019alliance du Maroc et Isra\u00ebl.<\/p>\n<p>Dans cette tentative mesquine, le pouvoir en place en Alg\u00e9rie renoue avec un langage hostile que la r\u00e9alit\u00e9 de tous les jours r\u00e9cuse.<\/p>\n<p>Les Alg\u00e9riens, eux, savent pertinemment que la menace principale contre la dictature militaire vient de la rue alg\u00e9rienne et non des convoitises ourdies par le Maroc ou encore Isra\u00ebl.<\/p>\n<p><strong>Un pouvoir contest\u00e9<\/strong><\/p>\n<p>Contest\u00e9s en interne, les militaires laissent entendre leurs bruits de bottes et tablent sur la persistance de la tension avec le Maroc pour continuer \u00e0 exercer le pouvoir. Celui d\u2019\u00eatre sourds aux dol\u00e9ances grandissantes de l\u2019Alg\u00e9rie et de son peuple.<\/p>\n<p>Mais tout cela ne saurait arr\u00eater les succ\u00e8s de la diplomatie marocaine\u00a0 et la poursuite des revers cinglants de ce pouvoir qui n\u2019a aucune alternative que de verser sa haine contre le voisin marocain.<\/p>\n<p>Car \u00e0 d\u00e9faut d\u2019une r\u00e9elle approche salvatrice de l\u2019Alg\u00e9rie, l\u2019on assiste \u00e0 des fuites en avant qui laissent penser que les g\u00e9n\u00e9raux ont choisi de gouverner par la peur.<\/p>\n<p>Malheureusement pour eux, leur discours ne trompe plus personne ni en Alg\u00e9rie ni au niveau international.<\/p>\n<p>Auteur: M&rsquo;hammed rahal<br \/>\n<a href=\"http:\/\/albayane.press.ma\/alger-quand-les-militaires-cultivent-le-ridicule.html\">Cliquez ici pour lire l&rsquo;article depuis sa source.<\/a><\/p>\n","protected":false},"excerpt":{"rendered":"<p>Sommet du G5 sur le Sahel Mohamed Khalil A l\u2019heure o\u00f9 le commun des mortels ne pr\u00eate plus d\u2019attention \u00e0 ce qui ce passe chez nos voisins de l\u2019Est, ni \u00e0 leurs d\u00e9clarations anachroniques et intempestives, pointant du doigt le Maroc pour tout malheur interne, le minist\u00e8re alg\u00e9rien de la D\u00e9fense enfonce le cloue et [&hellip;]<\/p>\n","protected":false},"author":1760,"featured_media":0,"comment_status":"closed","ping_status":"closed","sticky":false,"template":"","format":"standard","meta":{"fifu_image_url":"","fifu_image_alt":"","footnotes":""},"categories":[73,54],"tags":[],"class_list":["post-111774","post","type-post","status-publish","format-standard","hentry","category-actualite","category-maroc"],"_links":{"self":[{"href":"https:\/\/linitiative.ca\/International\/wp-json\/wp\/v2\/posts\/111774","targetHints":{"allow":["GET"]}}],"collection":[{"href":"https:\/\/linitiative.ca\/International\/wp-json\/wp\/v2\/posts"}],"about":[{"href":"https:\/\/linitiative.ca\/International\/wp-json\/wp\/v2\/types\/post"}],"author":[{"embeddable":true,"href":"https:\/\/linitiative.ca\/International\/wp-json\/wp\/v2\/users\/1760"}],"replies":[{"embeddable":true,"href":"https:\/\/linitiative.ca\/International\/wp-json\/wp\/v2\/comments?post=111774"}],"version-history":[{"count":0,"href":"https:\/\/linitiative.ca\/International\/wp-json\/wp\/v2\/posts\/111774\/revisions"}],"wp:attachment":[{"href":"https:\/\/linitiative.ca\/International\/wp-json\/wp\/v2\/media?parent=111774"}],"wp:term":[{"taxonomy":"category","embeddable":true,"href":"https:\/\/linitiative.ca\/International\/wp-json\/wp\/v2\/categories?post=111774"},{"taxonomy":"post_tag","embeddable":true,"href":"https:\/\/linitiative.ca\/International\/wp-json\/wp\/v2\/tags?post=111774"}],"curies":[{"name":"wp","href":"https:\/\/api.w.org\/{rel}","templated":true}]}}