{"id":111775,"date":"2021-02-22T10:01:30","date_gmt":"2021-02-22T15:01:30","guid":{"rendered":"https:\/\/linitiative.ca\/International\/%ef%bb%bfmadaef-golfs-annonce-la-prochaine-etape-de-ledition-golfique\/"},"modified":"2021-02-22T10:01:30","modified_gmt":"2021-02-22T15:01:30","slug":"%ef%bb%bfmadaef-golfs-annonce-la-prochaine-etape-de-ledition-golfique","status":"publish","type":"post","link":"https:\/\/linitiative.ca\/International\/%ef%bb%bfmadaef-golfs-annonce-la-prochaine-etape-de-ledition-golfique\/","title":{"rendered":"\ufeffMada\u00ebf Golfs annonce la prochaine \u00e9tape de l\u2019\u00e9dition golfique"},"content":{"rendered":"<p class=\"c1\"><strong>Programme Mada\u00ebf Eco6<\/strong><\/p>\n<p><strong>Mada\u00ebf Golfs a annonc\u00e9 la prochaine \u00e9tape de l\u2019\u00e9dition golfique du programme Mada\u00ebf Eco6 pour la dynamisation de l\u2019entreprenariat et des \u00e9cosyst\u00e8mes autour des 9 clubs de golf de son r\u00e9seau.<\/strong><\/p>\n<p>La prochaine \u00e9tape, sous forme de commissions de s\u00e9lection ou \u00ab\u00a0Pitching Days\u00a0\u00bb, aura lieu les 25, 26 et 27 f\u00e9vrier 2021 au Pullman Mazagan Royal Golf &amp; Spa et permettra aux 30 finalistes pr\u00e9s\u00e9lectionn\u00e9s de pr\u00e9senter leurs projets devant un jury ind\u00e9pendant regroupant les principaux partenaires de Mada\u00ebf Golfs dans le cadre du programme Mada\u00ebf Eco6, pr\u00e9cise Mada\u00ebf Golfs dans un communiqu\u00e9.<\/p>\n<p>Au terme de cette 2\u00e8me \u00e9tape, une quinzaine de laur\u00e9ats seront s\u00e9lectionn\u00e9s et b\u00e9n\u00e9ficieront d\u2019un accompagnement, d\u2019un fast track administratif, d\u2019un acc\u00e8s aux march\u00e9s, au financement, \u00e0 des espaces de coworking ainsi qu\u2019\u00e0 un large \u00e9ventail d\u2019avantages exclusifs Eco6, fait savoir la m\u00eame source.<\/p>\n<p>Le communiqu\u00e9 rappelle, par ailleurs, que la phase d\u2019appel \u00e0 projets, cl\u00f4tur\u00e9e le 04 janvier 2020, a enregistr\u00e9 un taux de participation tr\u00e8s satisfaisant avec pr\u00e8s d\u2019une centaine de candidatures recueillies t\u00e9moignant de l\u2019int\u00e9r\u00eat suscit\u00e9 par l\u2019\u00e9dition Mada\u00ebf Golfs.<\/p>\n<p>Une premi\u00e8re \u00e9tape de pr\u00e9s\u00e9lection, anim\u00e9e par une commission d\u2019experts d\u00e9di\u00e9e, a permis de retenir 30 candidatures. Il a \u00e9t\u00e9 tenu compte de la pertinence des projets propos\u00e9s, de leur r\u00e9plicabilit\u00e9 aux diff\u00e9rents clubs du r\u00e9seau et de leur conformit\u00e9 \u00e0 la d\u00e9marche de Mada\u00ebf Golfs orient\u00e9e vers la durabilit\u00e9 et l\u2019innovation.<\/p>\n<p>En outre, le communiqu\u00e9 souligne que l\u2019appel \u00e0 projet de l\u2019\u00e9dition Sa\u00efdia Resorts est actuellement en cours jusqu\u2019au 22 f\u00e9vrier 2021, ajoutant que trois autres \u00e9ditions sont \u00e9galement pr\u00e9vues, \u00e0 savoir Tamuda Bay, Al Hoceima, et F\u00e8s.<\/p>\n<p>Filiale \u00e0 100% de Mada\u00ebf, Mada\u00ebf Golfs est une soci\u00e9t\u00e9 de gestion de parcours de golf. Elle g\u00e8re le premier r\u00e9seau de golfs au Maroc.<\/p>\n<p>Elle ambitionne de d\u00e9velopper une exp\u00e9rience golfique avec des services innovants, d\u2019offrir des exp\u00e9riences personnalis\u00e9es et uniques sur l\u2019ensemble de son r\u00e9seau golfique, de cr\u00e9er une communaut\u00e9 et un style de vie pour ses membres ainsi que pour les golfeurs de passage, de favoriser l\u2019acc\u00e8s aux derni\u00e8res technologies digitales \u00e0 toutes les \u00e9tapes de l\u2019exp\u00e9rience golfeur et d\u2019instaurer des actions favorisant le respect de l\u2019environnement.<\/p>\n<p>Ayant \u00e9t\u00e9 con\u00e7us par diff\u00e9rents architectes de golf r\u00e9put\u00e9s, les parcours Mada\u00ebf Golfs se caract\u00e9risent par leur diversit\u00e9 et leur compl\u00e9mentarit\u00e9. Ils r\u00e9pondent aux normes internationales et offrent les principales commodit\u00e9s habituelles, \u00e0 savoir des proshop, clubhouse, practice, acad\u00e9mie, restaurant.<\/p>\n<p>Auteur: M&rsquo;hammed rahal<br \/>\n<a href=\"http:\/\/albayane.press.ma\/%EF%BB%BFmadaef-golfs-annonce-la-prochaine-etape-de-ledition-golfique.html\">Cliquez ici pour lire l&rsquo;article depuis sa source.<\/a><\/p>\n","protected":false},"excerpt":{"rendered":"<p>Programme Mada\u00ebf Eco6 Mada\u00ebf Golfs a annonc\u00e9 la prochaine \u00e9tape de l\u2019\u00e9dition golfique du programme Mada\u00ebf Eco6 pour la dynamisation de l\u2019entreprenariat et des \u00e9cosyst\u00e8mes autour des 9 clubs de golf de son r\u00e9seau. La prochaine \u00e9tape, sous forme de commissions de s\u00e9lection ou \u00ab\u00a0Pitching Days\u00a0\u00bb, aura lieu les 25, 26 et 27 f\u00e9vrier 2021 [&hellip;]<\/p>\n","protected":false},"author":1760,"featured_media":0,"comment_status":"closed","ping_status":"closed","sticky":false,"template":"","format":"standard","meta":{"fifu_image_url":"","fifu_image_alt":"","footnotes":""},"categories":[73,54],"tags":[],"class_list":["post-111775","post","type-post","status-publish","format-standard","hentry","category-actualite","category-maroc"],"_links":{"self":[{"href":"https:\/\/linitiative.ca\/International\/wp-json\/wp\/v2\/posts\/111775","targetHints":{"allow":["GET"]}}],"collection":[{"href":"https:\/\/linitiative.ca\/International\/wp-json\/wp\/v2\/posts"}],"about":[{"href":"https:\/\/linitiative.ca\/International\/wp-json\/wp\/v2\/types\/post"}],"author":[{"embeddable":true,"href":"https:\/\/linitiative.ca\/International\/wp-json\/wp\/v2\/users\/1760"}],"replies":[{"embeddable":true,"href":"https:\/\/linitiative.ca\/International\/wp-json\/wp\/v2\/comments?post=111775"}],"version-history":[{"count":0,"href":"https:\/\/linitiative.ca\/International\/wp-json\/wp\/v2\/posts\/111775\/revisions"}],"wp:attachment":[{"href":"https:\/\/linitiative.ca\/International\/wp-json\/wp\/v2\/media?parent=111775"}],"wp:term":[{"taxonomy":"category","embeddable":true,"href":"https:\/\/linitiative.ca\/International\/wp-json\/wp\/v2\/categories?post=111775"},{"taxonomy":"post_tag","embeddable":true,"href":"https:\/\/linitiative.ca\/International\/wp-json\/wp\/v2\/tags?post=111775"}],"curies":[{"name":"wp","href":"https:\/\/api.w.org\/{rel}","templated":true}]}}