{"id":111779,"date":"2021-02-22T10:43:20","date_gmt":"2021-02-22T15:43:20","guid":{"rendered":"https:\/\/linitiative.ca\/International\/reunions-dediees-au-futur-plan-damenagement-de-la-ville\/"},"modified":"2021-02-22T10:43:20","modified_gmt":"2021-02-22T15:43:20","slug":"reunions-dediees-au-futur-plan-damenagement-de-la-ville","status":"publish","type":"post","link":"https:\/\/linitiative.ca\/International\/reunions-dediees-au-futur-plan-damenagement-de-la-ville\/","title":{"rendered":"R\u00e9unions d\u00e9di\u00e9es au futur plan d\u2019am\u00e9nagement de la ville"},"content":{"rendered":"<div class=\"single-featured\"><img alt=\"\" data-src=\"http:\/\/www.mapmarrakech.ma\/map\/uploads\/2021\/02\/br\u00e8ve-2-copier.jpg\"\/><\/div>\n<div class=\"single-post-excerpt post-excerpt-bc\" readability=\"40\">\n<p>Essaouira \u2013 Des r\u00e9unions consacr\u00e9es \u00e0 l\u2019examen des oppositions pr\u00e9sent\u00e9es \u00e0 propos du futur plan d\u2019am\u00e9nagement de la ville d\u2019Essaouira, ont \u00e9t\u00e9 tenues, r\u00e9cemment, au si\u00e8ge de l\u2019Agence Urbaine de la cit\u00e9 des Aliz\u00e9s, sous la pr\u00e9sidence du directeur de l\u2019Agence, Mohammed Belbachir.<\/p>\n<\/div>\n<div class=\"entry-content clearfix single-post-content\" readability=\"46\">\n<p>Elles se sont d\u00e9roul\u00e9es aussi en pr\u00e9sence de repr\u00e9sentants de la direction des \u00e9tudes et de la topographie relevant de l\u2019Agence Urbaine d\u2019Essaouira, des divisions de l\u2019urbanisme relevant de la commune et de la pr\u00e9fecture d\u2019Essaouira, ainsi que de membres de la commission de l\u2019urbanisme relevant du conseil communal.<\/p>\n<p>Ces r\u00e9unions sont d\u00e9di\u00e9es \u00e0 l\u2019\u00e9tude de toutes les oppositions (plus de 400 au total) relatives audit plan d\u2019am\u00e9nagement, qui ont \u00e9t\u00e9 \u00e9mises aussi bien par le conseil de la commune que par les citoyens.<\/p>\n<p>Au terme de l\u2019examen de toutes ces oppositions, un rapport sera soumis \u00e0 la commission centrale minist\u00e9rielle ad hoc.<\/p>\n<\/div>\n<p>Auteur: Meriem IGASS<br \/>\n<a href=\"http:\/\/www.mapmarrakech.ma\/fr\/reunions-dediees-au-futur-plan-damenagement-de-la-ville\/\">Cliquez ici pour lire l&rsquo;article depuis sa source.<\/a><\/p>\n","protected":false},"excerpt":{"rendered":"<p>Essaouira \u2013 Des r\u00e9unions consacr\u00e9es \u00e0 l\u2019examen des oppositions pr\u00e9sent\u00e9es \u00e0 propos du futur plan d\u2019am\u00e9nagement de la ville d\u2019Essaouira, ont \u00e9t\u00e9 tenues, r\u00e9cemment, au si\u00e8ge de l\u2019Agence Urbaine de la cit\u00e9 des Aliz\u00e9s, sous la pr\u00e9sidence du directeur de l\u2019Agence, Mohammed Belbachir. Elles se sont d\u00e9roul\u00e9es aussi en pr\u00e9sence de repr\u00e9sentants de la direction [&hellip;]<\/p>\n","protected":false},"author":1788,"featured_media":0,"comment_status":"closed","ping_status":"closed","sticky":false,"template":"","format":"standard","meta":{"fifu_image_url":"http:\/\/www.mapmarrakech.ma\/map\/uploads\/2021\/02\/br\u00e8ve-2-copier.jpg","fifu_image_alt":"R\u00e9unions d\u00e9di\u00e9es au futur plan d\u2019am\u00e9nagement de la ville","footnotes":""},"categories":[54,76],"tags":[],"class_list":["post-111779","post","type-post","status-publish","format-standard","hentry","category-maroc","category-regions"],"_links":{"self":[{"href":"https:\/\/linitiative.ca\/International\/wp-json\/wp\/v2\/posts\/111779","targetHints":{"allow":["GET"]}}],"collection":[{"href":"https:\/\/linitiative.ca\/International\/wp-json\/wp\/v2\/posts"}],"about":[{"href":"https:\/\/linitiative.ca\/International\/wp-json\/wp\/v2\/types\/post"}],"author":[{"embeddable":true,"href":"https:\/\/linitiative.ca\/International\/wp-json\/wp\/v2\/users\/1788"}],"replies":[{"embeddable":true,"href":"https:\/\/linitiative.ca\/International\/wp-json\/wp\/v2\/comments?post=111779"}],"version-history":[{"count":0,"href":"https:\/\/linitiative.ca\/International\/wp-json\/wp\/v2\/posts\/111779\/revisions"}],"wp:attachment":[{"href":"https:\/\/linitiative.ca\/International\/wp-json\/wp\/v2\/media?parent=111779"}],"wp:term":[{"taxonomy":"category","embeddable":true,"href":"https:\/\/linitiative.ca\/International\/wp-json\/wp\/v2\/categories?post=111779"},{"taxonomy":"post_tag","embeddable":true,"href":"https:\/\/linitiative.ca\/International\/wp-json\/wp\/v2\/tags?post=111779"}],"curies":[{"name":"wp","href":"https:\/\/api.w.org\/{rel}","templated":true}]}}