{"id":111780,"date":"2021-02-22T10:46:47","date_gmt":"2021-02-22T15:46:47","guid":{"rendered":"https:\/\/linitiative.ca\/International\/formation-au-profit-des-educateurs-de-lenseignement-prescolaire\/"},"modified":"2021-02-22T10:46:47","modified_gmt":"2021-02-22T15:46:47","slug":"formation-au-profit-des-educateurs-de-lenseignement-prescolaire","status":"publish","type":"post","link":"https:\/\/linitiative.ca\/International\/formation-au-profit-des-educateurs-de-lenseignement-prescolaire\/","title":{"rendered":"Formation au profit des \u00e9ducateurs de l\u2019enseignement pr\u00e9scolaire"},"content":{"rendered":"<div class=\"single-featured\"><img alt=\"\" data-src=\"http:\/\/www.mapmarrakech.ma\/map\/uploads\/2021\/02\/br\u00e8ve-3-copier.jpg\"\/><\/div>\n<div class=\"single-post-excerpt post-excerpt-bc\" readability=\"36\">\n<p>Essaouira- Deux sessions de formation ont \u00e9t\u00e9 organis\u00e9es, r\u00e9cemment, par la Direction provinciale de l\u2019Education nationale \u00e0 Essaouira au profit des \u00e9ducatrices et \u00e9ducateurs de l\u2019enseignement pr\u00e9scolaire.<\/p>\n<\/div>\n<div class=\"entry-content clearfix single-post-content\" readability=\"54\">\n<p>Ces deux formations s\u2019inscrivent dans le cadre de la mise en \u0153uvre du programme d\u2019action provincial ayant trait au projet 1 relatif \u00e0 la promotion de l\u2019enseignement pr\u00e9scolaire et \u00e0 l\u2019acc\u00e9l\u00e9ration du rythme de sa g\u00e9n\u00e9ralisation, qui fait partie des projets de d\u00e9clinaison des dispositions de la loi-cadre 51.17 relative au syst\u00e8me d\u2019\u00e9ducation, de formation et de recherche scientifique.<\/p>\n<p>Les deux sessions, qui se sont d\u00e9roul\u00e9es dans le strict respect des mesures pr\u00e9ventives en vigueur pour endiguer la propagation de la pand\u00e9mie de la Covid-19, ont b\u00e9n\u00e9fici\u00e9 \u00e0 531 \u00e9ducatrices et \u00e9ducateurs repr\u00e9sentant les diff\u00e9rents \u00e9tablissements scolaires publics et priv\u00e9s, ainsi que les unit\u00e9s de l\u2019enseignement pr\u00e9scolaire relevant des d\u00e9partements des Affaires islamiques, de la Jeunesse et des Sports, de l\u2019Entraide nationale et des associations.<\/p>\n<p>Les b\u00e9n\u00e9ficiaires ont \u00e9t\u00e9 encadr\u00e9s par 19 formateurs r\u00e9partis sur 14 centres de formation dans les communes d\u2019Essaouira, de Talmest, d\u2019El Hanchane, de Tafetacht, de Smimou et de Tamanar.<\/p>\n<\/div>\n<p>Auteur: Meriem IGASS<br \/>\n<a href=\"http:\/\/www.mapmarrakech.ma\/fr\/formation-au-profit-des-educateurs-de-lenseignement-prescolaire\/\">Cliquez ici pour lire l&rsquo;article depuis sa source.<\/a><\/p>\n","protected":false},"excerpt":{"rendered":"<p>Essaouira- Deux sessions de formation ont \u00e9t\u00e9 organis\u00e9es, r\u00e9cemment, par la Direction provinciale de l\u2019Education nationale \u00e0 Essaouira au profit des \u00e9ducatrices et \u00e9ducateurs de l\u2019enseignement pr\u00e9scolaire. Ces deux formations s\u2019inscrivent dans le cadre de la mise en \u0153uvre du programme d\u2019action provincial ayant trait au projet 1 relatif \u00e0 la promotion de l\u2019enseignement pr\u00e9scolaire [&hellip;]<\/p>\n","protected":false},"author":1788,"featured_media":0,"comment_status":"closed","ping_status":"closed","sticky":false,"template":"","format":"standard","meta":{"fifu_image_url":"http:\/\/www.mapmarrakech.ma\/map\/uploads\/2021\/02\/br\u00e8ve-3-copier.jpg","fifu_image_alt":"Formation au profit des \u00e9ducateurs de l\u2019enseignement pr\u00e9scolaire","footnotes":""},"categories":[54,76],"tags":[],"class_list":["post-111780","post","type-post","status-publish","format-standard","hentry","category-maroc","category-regions"],"_links":{"self":[{"href":"https:\/\/linitiative.ca\/International\/wp-json\/wp\/v2\/posts\/111780","targetHints":{"allow":["GET"]}}],"collection":[{"href":"https:\/\/linitiative.ca\/International\/wp-json\/wp\/v2\/posts"}],"about":[{"href":"https:\/\/linitiative.ca\/International\/wp-json\/wp\/v2\/types\/post"}],"author":[{"embeddable":true,"href":"https:\/\/linitiative.ca\/International\/wp-json\/wp\/v2\/users\/1788"}],"replies":[{"embeddable":true,"href":"https:\/\/linitiative.ca\/International\/wp-json\/wp\/v2\/comments?post=111780"}],"version-history":[{"count":0,"href":"https:\/\/linitiative.ca\/International\/wp-json\/wp\/v2\/posts\/111780\/revisions"}],"wp:attachment":[{"href":"https:\/\/linitiative.ca\/International\/wp-json\/wp\/v2\/media?parent=111780"}],"wp:term":[{"taxonomy":"category","embeddable":true,"href":"https:\/\/linitiative.ca\/International\/wp-json\/wp\/v2\/categories?post=111780"},{"taxonomy":"post_tag","embeddable":true,"href":"https:\/\/linitiative.ca\/International\/wp-json\/wp\/v2\/tags?post=111780"}],"curies":[{"name":"wp","href":"https:\/\/api.w.org\/{rel}","templated":true}]}}