{"id":111781,"date":"2021-02-22T10:56:03","date_gmt":"2021-02-22T15:56:03","guid":{"rendered":"https:\/\/linitiative.ca\/International\/atelier-de-formation-sur-le-renforcement-du-systeme-massar\/"},"modified":"2021-02-22T10:56:03","modified_gmt":"2021-02-22T15:56:03","slug":"atelier-de-formation-sur-le-renforcement-du-systeme-massar","status":"publish","type":"post","link":"https:\/\/linitiative.ca\/International\/atelier-de-formation-sur-le-renforcement-du-systeme-massar\/","title":{"rendered":"Atelier de formation sur le renforcement du syst\u00e8me \u00ab\u00a0Massar\u00a0\u00bb"},"content":{"rendered":"<div class=\"single-featured\"><img alt=\"\" data-src=\"http:\/\/www.mapmarrakech.ma\/map\/uploads\/2021\/02\/br\u00e8ve-4-copier.jpg\"\/><\/div>\n<div class=\"single-post-excerpt post-excerpt-bc\" readability=\"35\">\n<p>Essaouira \u2013 Un atelier de formation ax\u00e9 sur le renforcement du syst\u00e8me \u00ab\u00a0Massar\u00a0\u00bb a \u00e9t\u00e9 organis\u00e9, r\u00e9cemment, \u00e0 Essaouira.<\/p>\n<\/div>\n<div class=\"entry-content clearfix single-post-content\" readability=\"41\">\n<p>Cette rencontre intervient dans le cadre du projet \u00ab\u00a0Education secondaire\u00a0\u00bb qui fait partie du 2\u00e8me programme de coop\u00e9ration \u00ab\u00a0Compact II\u00a0\u00bb, conclu entre le gouvernement du Maroc et celui des Etats-Unis, repr\u00e9sent\u00e9 par le Millennium Challenge Corporation (MCC).<\/p>\n<p>Cette formation, qui avait pour th\u00e9matique \u00ab\u00a0le leadership du changement\u00a0\u00bb a connu la participation des directeurs des \u00e9tablissements scolaires b\u00e9n\u00e9ficiaires dudit projet au niveau des directions provinciales de l\u2019Education nationale \u00e0 Essaouira et \u00e0 Safi.<\/p>\n<\/div>\n<p>Auteur: Meriem IGASS<br \/>\n<a href=\"http:\/\/www.mapmarrakech.ma\/fr\/atelier-de-formation-sur-le-renforcement-du-systeme-massar\/\">Cliquez ici pour lire l&rsquo;article depuis sa source.<\/a><\/p>\n","protected":false},"excerpt":{"rendered":"<p>Essaouira \u2013 Un atelier de formation ax\u00e9 sur le renforcement du syst\u00e8me \u00ab\u00a0Massar\u00a0\u00bb a \u00e9t\u00e9 organis\u00e9, r\u00e9cemment, \u00e0 Essaouira. Cette rencontre intervient dans le cadre du projet \u00ab\u00a0Education secondaire\u00a0\u00bb qui fait partie du 2\u00e8me programme de coop\u00e9ration \u00ab\u00a0Compact II\u00a0\u00bb, conclu entre le gouvernement du Maroc et celui des Etats-Unis, repr\u00e9sent\u00e9 par le Millennium Challenge Corporation [&hellip;]<\/p>\n","protected":false},"author":1788,"featured_media":0,"comment_status":"closed","ping_status":"closed","sticky":false,"template":"","format":"standard","meta":{"fifu_image_url":"http:\/\/www.mapmarrakech.ma\/map\/uploads\/2021\/02\/br\u00e8ve-4-copier.jpg","fifu_image_alt":"Atelier de formation sur le renforcement du syst\u00e8me \u00ab\u00a0Massar\u00a0\u00bb","footnotes":""},"categories":[54,76],"tags":[],"class_list":["post-111781","post","type-post","status-publish","format-standard","hentry","category-maroc","category-regions"],"_links":{"self":[{"href":"https:\/\/linitiative.ca\/International\/wp-json\/wp\/v2\/posts\/111781","targetHints":{"allow":["GET"]}}],"collection":[{"href":"https:\/\/linitiative.ca\/International\/wp-json\/wp\/v2\/posts"}],"about":[{"href":"https:\/\/linitiative.ca\/International\/wp-json\/wp\/v2\/types\/post"}],"author":[{"embeddable":true,"href":"https:\/\/linitiative.ca\/International\/wp-json\/wp\/v2\/users\/1788"}],"replies":[{"embeddable":true,"href":"https:\/\/linitiative.ca\/International\/wp-json\/wp\/v2\/comments?post=111781"}],"version-history":[{"count":0,"href":"https:\/\/linitiative.ca\/International\/wp-json\/wp\/v2\/posts\/111781\/revisions"}],"wp:attachment":[{"href":"https:\/\/linitiative.ca\/International\/wp-json\/wp\/v2\/media?parent=111781"}],"wp:term":[{"taxonomy":"category","embeddable":true,"href":"https:\/\/linitiative.ca\/International\/wp-json\/wp\/v2\/categories?post=111781"},{"taxonomy":"post_tag","embeddable":true,"href":"https:\/\/linitiative.ca\/International\/wp-json\/wp\/v2\/tags?post=111781"}],"curies":[{"name":"wp","href":"https:\/\/api.w.org\/{rel}","templated":true}]}}