{"id":111784,"date":"2021-02-22T10:00:00","date_gmt":"2021-02-22T15:00:00","guid":{"rendered":"https:\/\/linitiative.ca\/International\/aeroport-de-nador-baisse-de-3402-du-trafic-passagers-en-janvier\/"},"modified":"2021-02-22T10:00:00","modified_gmt":"2021-02-22T15:00:00","slug":"aeroport-de-nador-baisse-de-3402-du-trafic-passagers-en-janvier","status":"publish","type":"post","link":"https:\/\/linitiative.ca\/International\/aeroport-de-nador-baisse-de-3402-du-trafic-passagers-en-janvier\/","title":{"rendered":"A\u00e9roport de Nador: Baisse de 34,02% du trafic passagers en janvier"},"content":{"rendered":"<p class=\"c4\">Le nombre de passagers enregistr\u00e9s au niveau de l\u2019a\u00e9roport de Nador-Al Aroui durant le mois de janvier dernier a connu une baisse de 34,02% par rapport \u00e0 la m\u00eame p\u00e9riode de l\u2019ann\u00e9e \u00e9coul\u00e9e.<\/p>\n<p class=\"c4\">Selon des donn\u00e9es de l\u2019Office national des a\u00e9roports (ONDA), les passagers ayant transit\u00e9 via cet a\u00e9roport en janvier 2021 sont au nombre de 36.784, contre 55.749 en janvier 2020, avec une part \u00e9valu\u00e9e \u00e0 5,76%.<\/p>\n<p class=\"c4\">Ce r\u00e9sultat place cette plateforme a\u00e9roportuaire \u00e0 la 7\u00e8me place \u00e0 l\u2019\u00e9chelon national et au premier rang sur le plan r\u00e9gional devant l\u2019a\u00e9roport Oujda-Angad et celui de Bouarfa.<\/p>\n<p class=\"c4\">Les passagers ayant transit\u00e9 via cet a\u00e9roport en 2020 \u00e9taient au nombre de 276.157, contre 773.059 durant l\u2019ann\u00e9e 2019, soit une r\u00e9gression de 64,28 pc, rappelle-t-on.<\/p>\n<p class=\"c4\">La ville de Nador est desservie \u00e0 partir de plusieurs a\u00e9roports notamment Bruxelles et Charleroi (Belgique), Amsterdam (Pays-Bas), Paris, Marseille et Montpellier (France), Madrid, Barcelone, Majorque et G\u00e9rone (Espagne), Francfort, Cologne et Dusseldorf (Allemagne).<\/p>\n<p class=\"c4\">Les a\u00e9roports du Royaume ont enregistr\u00e9 en janvier 2021 une baisse de l\u2019ordre de 68,39% par rapport \u00e0 la m\u00eame p\u00e9riode de l\u2019ann\u00e9e 2020, en accueillant 638.806 passagers contre 2.020.647passagers accueillis en janvier 2020.<\/p>\n<p>Auteur: Soufiane ELAHMAR<br \/>\n<a href=\"http:\/\/www.mapoujda.ma\/fr\/aeroport-de-nador-baisse-de-3402-du-trafic-passagers-en-janvier\/\">Cliquez ici pour lire l&rsquo;article depuis sa source.<\/a><\/p>\n","protected":false},"excerpt":{"rendered":"<p>Le nombre de passagers enregistr\u00e9s au niveau de l\u2019a\u00e9roport de Nador-Al Aroui durant le mois de janvier dernier a connu une baisse de 34,02% par rapport \u00e0 la m\u00eame p\u00e9riode de l\u2019ann\u00e9e \u00e9coul\u00e9e. Selon des donn\u00e9es de l\u2019Office national des a\u00e9roports (ONDA), les passagers ayant transit\u00e9 via cet a\u00e9roport en janvier 2021 sont au nombre [&hellip;]<\/p>\n","protected":false},"author":1788,"featured_media":0,"comment_status":"closed","ping_status":"closed","sticky":false,"template":"","format":"standard","meta":{"fifu_image_url":"","fifu_image_alt":"","footnotes":""},"categories":[54,76],"tags":[],"class_list":["post-111784","post","type-post","status-publish","format-standard","hentry","category-maroc","category-regions"],"_links":{"self":[{"href":"https:\/\/linitiative.ca\/International\/wp-json\/wp\/v2\/posts\/111784","targetHints":{"allow":["GET"]}}],"collection":[{"href":"https:\/\/linitiative.ca\/International\/wp-json\/wp\/v2\/posts"}],"about":[{"href":"https:\/\/linitiative.ca\/International\/wp-json\/wp\/v2\/types\/post"}],"author":[{"embeddable":true,"href":"https:\/\/linitiative.ca\/International\/wp-json\/wp\/v2\/users\/1788"}],"replies":[{"embeddable":true,"href":"https:\/\/linitiative.ca\/International\/wp-json\/wp\/v2\/comments?post=111784"}],"version-history":[{"count":0,"href":"https:\/\/linitiative.ca\/International\/wp-json\/wp\/v2\/posts\/111784\/revisions"}],"wp:attachment":[{"href":"https:\/\/linitiative.ca\/International\/wp-json\/wp\/v2\/media?parent=111784"}],"wp:term":[{"taxonomy":"category","embeddable":true,"href":"https:\/\/linitiative.ca\/International\/wp-json\/wp\/v2\/categories?post=111784"},{"taxonomy":"post_tag","embeddable":true,"href":"https:\/\/linitiative.ca\/International\/wp-json\/wp\/v2\/tags?post=111784"}],"curies":[{"name":"wp","href":"https:\/\/api.w.org\/{rel}","templated":true}]}}