{"id":111786,"date":"2021-02-22T11:27:56","date_gmt":"2021-02-22T16:27:56","guid":{"rendered":"https:\/\/linitiative.ca\/International\/yes-green-maroc-organise-la-2e-edition-des-joe2\/"},"modified":"2021-02-22T11:27:56","modified_gmt":"2021-02-22T16:27:56","slug":"yes-green-maroc-organise-la-2e-edition-des-joe2","status":"publish","type":"post","link":"https:\/\/linitiative.ca\/International\/yes-green-maroc-organise-la-2e-edition-des-joe2\/","title":{"rendered":"Yes Green Maroc organise la 2\u00e8 \u00e9dition des JOE2"},"content":{"rendered":"<p class=\"c4\">L\u2019Association \u00abYes Green Maroc\u00bb a organis\u00e9, r\u00e9cemment sous format num\u00e9rique, la 2\u00e8me \u00e9dition des Journ\u00e9es de l\u2019Oriental pour l\u2019environnement (JOE2), plac\u00e9es cette ann\u00e9e sous le th\u00e8me \u00abLes d\u00e9chets solides, une ressource vitale pour le d\u00e9veloppement durable\u00bb.<\/p>\n<p class=\"c4\">Les participants \u00e0 cette \u00e9dition, dont des chercheurs et des acteurs de la soci\u00e9t\u00e9 civile, ont pr\u00e9sent\u00e9 plusieurs expos\u00e9s ainsi que les r\u00e9sultats de travaux de recherche ax\u00e9s sur les meilleures pratiques et proc\u00e9d\u00e9s de gestion des d\u00e9chets solides, mettant l\u2019accent sur l\u2019importance du tri \u00e0 la source et du recyclage des d\u00e9chets pour \u00e0 la fois pr\u00e9server l\u2019environnement et d\u00e9velopper une \u00e9conomie verte.<\/p>\n<p class=\"c4\">Depuis l\u2019inauguration de sa premi\u00e8re \u00e9dition en 2019, cet \u00e9v\u00e9nement scientifique a examin\u00e9 plusieurs aspects de la question environnementale dans la r\u00e9gion de l\u2019Oriental, avec la participation d\u2019institutions acad\u00e9miques, d\u2019experts et de chercheurs sp\u00e9cialis\u00e9s dans le domaine \u00e9cologique.<\/p>\n<p class=\"c4\">Cet \u00e9v\u00e8nement est organis\u00e9 dans le cadre du projet \u00abRenforcement des capacit\u00e9s citoyennes pour un quartier propre, \u00e0 travers le tri des ordures m\u00e9nag\u00e8res \u00e0 la source\u00bb, mis en \u0153uvre par Yes Green Maroc au niveau du district urbain Zaytoun \u00e0 Oujda et financ\u00e9 par l\u2019Union europ\u00e9enne dans le cadre du programme \u00abMoucharaka Mouwatina\u00bb.<\/p>\n<p class=\"c4\">A noter que l\u2019association \u00abYes Green Maroc\u00bb a men\u00e9, dans le cadre de ce programme, plusieurs activit\u00e9s de sensibilisation \u00e0 l\u2019importance du tri \u00e0 la source et de formation aux m\u00e9tiers de recyclage des d\u00e9chets solides, notamment au profit des ramasseurs informels de d\u00e9chets qui ont \u00e9t\u00e9 encourag\u00e9s \u00e0 s\u2019organiser en coop\u00e9ratives pour am\u00e9liorer, d\u00e9velopper et structurer leur activit\u00e9.<\/p>\n<p>Auteur: Soufiane ELAHMAR<br \/>\n<a href=\"http:\/\/www.mapoujda.ma\/fr\/yes-green-maroc-organise-de-la-2e-edition-des-joe2\/\">Cliquez ici pour lire l&rsquo;article depuis sa source.<\/a><\/p>\n","protected":false},"excerpt":{"rendered":"<p>L\u2019Association \u00abYes Green Maroc\u00bb a organis\u00e9, r\u00e9cemment sous format num\u00e9rique, la 2\u00e8me \u00e9dition des Journ\u00e9es de l\u2019Oriental pour l\u2019environnement (JOE2), plac\u00e9es cette ann\u00e9e sous le th\u00e8me \u00abLes d\u00e9chets solides, une ressource vitale pour le d\u00e9veloppement durable\u00bb. Les participants \u00e0 cette \u00e9dition, dont des chercheurs et des acteurs de la soci\u00e9t\u00e9 civile, ont pr\u00e9sent\u00e9 plusieurs expos\u00e9s [&hellip;]<\/p>\n","protected":false},"author":1788,"featured_media":0,"comment_status":"closed","ping_status":"closed","sticky":false,"template":"","format":"standard","meta":{"fifu_image_url":"","fifu_image_alt":"","footnotes":""},"categories":[54,76],"tags":[],"class_list":["post-111786","post","type-post","status-publish","format-standard","hentry","category-maroc","category-regions"],"_links":{"self":[{"href":"https:\/\/linitiative.ca\/International\/wp-json\/wp\/v2\/posts\/111786","targetHints":{"allow":["GET"]}}],"collection":[{"href":"https:\/\/linitiative.ca\/International\/wp-json\/wp\/v2\/posts"}],"about":[{"href":"https:\/\/linitiative.ca\/International\/wp-json\/wp\/v2\/types\/post"}],"author":[{"embeddable":true,"href":"https:\/\/linitiative.ca\/International\/wp-json\/wp\/v2\/users\/1788"}],"replies":[{"embeddable":true,"href":"https:\/\/linitiative.ca\/International\/wp-json\/wp\/v2\/comments?post=111786"}],"version-history":[{"count":0,"href":"https:\/\/linitiative.ca\/International\/wp-json\/wp\/v2\/posts\/111786\/revisions"}],"wp:attachment":[{"href":"https:\/\/linitiative.ca\/International\/wp-json\/wp\/v2\/media?parent=111786"}],"wp:term":[{"taxonomy":"category","embeddable":true,"href":"https:\/\/linitiative.ca\/International\/wp-json\/wp\/v2\/categories?post=111786"},{"taxonomy":"post_tag","embeddable":true,"href":"https:\/\/linitiative.ca\/International\/wp-json\/wp\/v2\/tags?post=111786"}],"curies":[{"name":"wp","href":"https:\/\/api.w.org\/{rel}","templated":true}]}}