{"id":111788,"date":"2021-02-22T09:03:19","date_gmt":"2021-02-22T14:03:19","guid":{"rendered":"https:\/\/linitiative.ca\/International\/conseil-des-droits-de-lhomme-le-maroc-candidat\/"},"modified":"2021-02-22T09:03:19","modified_gmt":"2021-02-22T14:03:19","slug":"conseil-des-droits-de-lhomme-le-maroc-candidat","status":"publish","type":"post","link":"https:\/\/linitiative.ca\/International\/conseil-des-droits-de-lhomme-le-maroc-candidat\/","title":{"rendered":"Conseil des droits de l&rsquo;homme: Le Maroc candidat"},"content":{"rendered":"<p class=\"rtejustify\">Le Maroc a d\u00e9cid\u00e9 de se porter candidat au Conseil des droits de l&rsquo;Homme de l&rsquo;ONU pour la p\u00e9riode 2023-2025, a annonc\u00e9, ce lundi, le\u00a0ministre d&rsquo;\u00c9tat charg\u00e9 des Droits de l\u2019homme et des Relations avec le Parlement, Mustapha Ramid. Rabat b\u00e9n\u00e9ficie du soutien de\u00a0l&rsquo;Union africaine, de la Ligue des \u00c9tats arabes, de plusieurs autres groupements r\u00e9gionaux et des pays amis\u00a0\u00bb, a soulign\u00e9 Ramid qui intervenait en visioconf\u00e9rence lors du Segment de haut niveau au titre de la 46e session du Conseil des droits de l&rsquo;homme de l&rsquo;ONU.<\/p>\n<p>Auteur: hgueye<br \/>\n<a href=\"https:\/\/www.leconomiste.com\/flash-infos\/conseil-des-droits-de-l-homme-le-maroc-candidat\">Cliquez ici pour lire l&rsquo;article depuis sa source.<\/a><\/p>\n","protected":false},"excerpt":{"rendered":"<p>Le Maroc a d\u00e9cid\u00e9 de se porter candidat au Conseil des droits de l&rsquo;Homme de l&rsquo;ONU pour la p\u00e9riode 2023-2025, a annonc\u00e9, ce lundi, le\u00a0ministre d&rsquo;\u00c9tat charg\u00e9 des Droits de l\u2019homme et des Relations avec le Parlement, Mustapha Ramid. Rabat b\u00e9n\u00e9ficie du soutien de\u00a0l&rsquo;Union africaine, de la Ligue des \u00c9tats arabes, de plusieurs autres groupements [&hellip;]<\/p>\n","protected":false},"author":1763,"featured_media":0,"comment_status":"closed","ping_status":"closed","sticky":false,"template":"","format":"standard","meta":{"fifu_image_url":"","fifu_image_alt":"","footnotes":""},"categories":[78,54],"tags":[],"class_list":["post-111788","post","type-post","status-publish","format-standard","hentry","category-economie","category-maroc"],"_links":{"self":[{"href":"https:\/\/linitiative.ca\/International\/wp-json\/wp\/v2\/posts\/111788","targetHints":{"allow":["GET"]}}],"collection":[{"href":"https:\/\/linitiative.ca\/International\/wp-json\/wp\/v2\/posts"}],"about":[{"href":"https:\/\/linitiative.ca\/International\/wp-json\/wp\/v2\/types\/post"}],"author":[{"embeddable":true,"href":"https:\/\/linitiative.ca\/International\/wp-json\/wp\/v2\/users\/1763"}],"replies":[{"embeddable":true,"href":"https:\/\/linitiative.ca\/International\/wp-json\/wp\/v2\/comments?post=111788"}],"version-history":[{"count":0,"href":"https:\/\/linitiative.ca\/International\/wp-json\/wp\/v2\/posts\/111788\/revisions"}],"wp:attachment":[{"href":"https:\/\/linitiative.ca\/International\/wp-json\/wp\/v2\/media?parent=111788"}],"wp:term":[{"taxonomy":"category","embeddable":true,"href":"https:\/\/linitiative.ca\/International\/wp-json\/wp\/v2\/categories?post=111788"},{"taxonomy":"post_tag","embeddable":true,"href":"https:\/\/linitiative.ca\/International\/wp-json\/wp\/v2\/tags?post=111788"}],"curies":[{"name":"wp","href":"https:\/\/api.w.org\/{rel}","templated":true}]}}