{"id":111793,"date":"2021-02-22T10:30:00","date_gmt":"2021-02-22T15:30:00","guid":{"rendered":"https:\/\/linitiative.ca\/International\/les-tirs-de-la-police-font-deux-morts-et-une-trentaine-de-blesses\/"},"modified":"2021-02-22T10:30:00","modified_gmt":"2021-02-22T15:30:00","slug":"les-tirs-de-la-police-font-deux-morts-et-une-trentaine-de-blesses","status":"publish","type":"post","link":"https:\/\/linitiative.ca\/International\/les-tirs-de-la-police-font-deux-morts-et-une-trentaine-de-blesses\/","title":{"rendered":"Les tirs de la police font deux morts  et une trentaine de bless\u00e9s"},"content":{"rendered":"<p class=\"p1 c3\"><span class=\"c2\"><strong>Le Temps-Agences- Deux manifestants ont \u00e9t\u00e9 tu\u00e9s hier et une trentaine de bless\u00e9s \u00e0 Mandalay, dans le centre de la Birmanie, par des tirs des forces de l&rsquo;ordre lors d&rsquo;un rassemblement anti-junte, les violences les plus s\u00e9v\u00e8res depuis le coup d&rsquo;\u00c9tat du 1er f\u00e9vrier.<\/strong><\/span><\/p>\n<p class=\"p2 c4\">\u00a0<\/p>\n<p class=\"p3 c5\"><span class=\"c2\">Plusieurs centaines de policiers ont \u00e9t\u00e9 d\u00e9ploy\u00e9s dans l&rsquo;apr\u00e8s-midi sur un chantier naval de la deuxi\u00e8me ville du pays, faisant craindre des arrestations d&#8217;employ\u00e9s mobilis\u00e9s contre le coup d&rsquo;\u00c9tat. Des manifestants ont tap\u00e9 sur des casseroles pour tenter d&#8217;emp\u00eacher les interpellations, certains jetant des projectiles sur la police qui a ensuite tir\u00e9. \u00ab\u00a0Deux personnes sont mortes, dont un mineur qui a re\u00e7u une balle dans la t\u00eate\u00a0\u00bb, ont indiqu\u00e9 \u00e0 l&rsquo;AFP les secouristes, faisant \u00e9tat d&rsquo;une trentaine de bless\u00e9s. \u00ab\u00a0La moiti\u00e9 des victimes ont \u00e9t\u00e9 vis\u00e9es par des tirs \u00e0 balles r\u00e9elles\u00a0\u00bb, les autres ont \u00e9t\u00e9 bless\u00e9es par des munitions en caoutchouc et des tirs de lance-pierres, selon eux.<\/span><\/p>\n<p class=\"p4 c6\"><span class=\"c2\"><strong>Escalade de violence<\/strong><\/span><\/p>\n<p class=\"p3 c5\"><span class=\"c2\">Les tirs \u00e0 balles r\u00e9elles ont \u00e9galement \u00e9t\u00e9 confirm\u00e9s par des m\u00e9decins travaillant sur le terrain, sous couvert d&rsquo;anonymat par crainte de repr\u00e9sailles. Plus d&rsquo;une dizaine de personnes ont \u00e9t\u00e9 interpell\u00e9es, d&rsquo;apr\u00e8s des m\u00e9dias locaux. Sollicit\u00e9e, la police n&rsquo;\u00e9tait pas disponible pour faire de commentaires. Cette escalade de la violence intervient au lendemain de la mort d&rsquo;une jeune \u00e9pici\u00e8re de 20 ans, Mya Thwate Thwate Khaing, bless\u00e9e par balles le 9 f\u00e9vrier.<\/span><\/p>\n<p class=\"p3 c5\"><span class=\"c2\">Pr\u00e8s de trois semaines apr\u00e8s le putsch qui a renvers\u00e9 le gouvernement civil d&rsquo;Aung San Suu Kyi et mis fin \u00e0 une fragile transition d\u00e9mocratique de 10 ans, le concert de protestations internationales et l&rsquo;annonce de nouvelles sanctions n&rsquo;infl\u00e9chissent pas les g\u00e9n\u00e9raux.<\/span><\/p>\n<p class=\"p3 c5\"><span class=\"c2\">Les connexions internet ont \u00e9t\u00e9 quasiment coup\u00e9es pour la sixi\u00e8me nuit cons\u00e9cutive, avant d&rsquo;\u00eatre restaur\u00e9es dans la matin\u00e9e.<\/span><\/p>\n<p class=\"p5 c7\">\u00a0<\/p>\n<p class=\"p4 c6\"><span class=\"c2\"><strong>Des centaines d&rsquo;arrestations<\/strong><\/span><\/p>\n<p class=\"p3 c5\"><span class=\"c2\">Les interpellations se poursuivent avec pr\u00e8s de 550 personnes arr\u00eat\u00e9es (responsables politiques, fonctionnaires gr\u00e9vistes, moines, activistes&#8230;), d&rsquo;apr\u00e8s une ONG d&rsquo;assistance aux prisonniers politiques. Seules une quarantaine ont \u00e9t\u00e9 rel\u00e2ch\u00e9es.<\/span><\/p>\n<p class=\"p3 c5\"><span class=\"c2\">Les manifestations ont rassembl\u00e9 ces deux derni\u00e8res semaines des centaines de milliers de Birmans \u00e0 travers tout le pays, un vent de fronde in\u00e9dit depuis \u00ab\u00a0la r\u00e9volution de safran\u00a0\u00bb en 2007, r\u00e9prim\u00e9e dans le sang par l&rsquo;arm\u00e9e. De nombreux incidents avaient d\u00e9j\u00e0 \u00e9t\u00e9 rapport\u00e9s ces derniers jours, avec plusieurs bless\u00e9s. La junte a pour sa part fait \u00e9tat du d\u00e9c\u00e8s en d\u00e9but de semaine d&rsquo;un policier.<\/span><\/p>\n<p class=\"p3 c5\"><span class=\"c2\">La peur des repr\u00e9sailles est tr\u00e8s forte en Birmanie qui a d\u00e9j\u00e0 v\u00e9cu sous le joug des militaires pendant plus de 50 ans depuis son ind\u00e9pendance en 1948. Malgr\u00e9 cela, parall\u00e8lement aux rassemblements, les appels \u00e0 la d\u00e9sob\u00e9issance civile se poursuivent avec des m\u00e9decins, enseignants, contr\u00f4leurs a\u00e9riens et cheminots toujours en gr\u00e8ve.<\/span><\/p>\n<p class=\"p2 c4\">\u00a0<\/p>\n<p class=\"p4 c6\"><span class=\"c2\"><strong>Nouvelles sanctions ?<\/strong><\/span><\/p>\n<p class=\"p3 c5\"><span class=\"c2\">La crise reste au c\u0153ur de l&rsquo;agenda international. Les ministres des Affaires \u00e9trang\u00e8res de l&rsquo;Union europ\u00e9enne se r\u00e9uniront lundi pour discuter d&rsquo;\u00e9ventuelles mesures contre l&rsquo;arm\u00e9e. Samedi, le chef de la diplomatie europ\u00e9enne, Josep Borrel, a condamn\u00e9 la violence exerc\u00e9e par les forces de l&rsquo;ordre en Birmanie et indiqu\u00e9 que l&rsquo;UE allait \u00ab\u00a0prendre les d\u00e9cisions appropri\u00e9es\u00a0\u00bb.<\/span><\/p>\n<p>Auteur: letemps1<br \/>\n<a href=\"http:\/\/www.letemps.com.tn\/article\/119382\/les-tirs-de-la-police-font-deux-morts-et-une-trentaine-de-bless%C3%A9s\">Cliquez ici pour lire l&rsquo;article depuis sa source.<\/a><\/p>\n","protected":false},"excerpt":{"rendered":"<p>Le Temps-Agences- Deux manifestants ont \u00e9t\u00e9 tu\u00e9s hier et une trentaine de bless\u00e9s \u00e0 Mandalay, dans le centre de la Birmanie, par des tirs des forces de l&rsquo;ordre lors d&rsquo;un rassemblement anti-junte, les violences les plus s\u00e9v\u00e8res depuis le coup d&rsquo;\u00c9tat du 1er f\u00e9vrier. \u00a0 Plusieurs centaines de policiers ont \u00e9t\u00e9 d\u00e9ploy\u00e9s dans l&rsquo;apr\u00e8s-midi sur [&hellip;]<\/p>\n","protected":false},"author":1773,"featured_media":0,"comment_status":"closed","ping_status":"closed","sticky":false,"template":"","format":"standard","meta":{"fifu_image_url":"","fifu_image_alt":"","footnotes":""},"categories":[73,55],"tags":[],"class_list":["post-111793","post","type-post","status-publish","format-standard","hentry","category-actualite","category-tunisie"],"_links":{"self":[{"href":"https:\/\/linitiative.ca\/International\/wp-json\/wp\/v2\/posts\/111793","targetHints":{"allow":["GET"]}}],"collection":[{"href":"https:\/\/linitiative.ca\/International\/wp-json\/wp\/v2\/posts"}],"about":[{"href":"https:\/\/linitiative.ca\/International\/wp-json\/wp\/v2\/types\/post"}],"author":[{"embeddable":true,"href":"https:\/\/linitiative.ca\/International\/wp-json\/wp\/v2\/users\/1773"}],"replies":[{"embeddable":true,"href":"https:\/\/linitiative.ca\/International\/wp-json\/wp\/v2\/comments?post=111793"}],"version-history":[{"count":0,"href":"https:\/\/linitiative.ca\/International\/wp-json\/wp\/v2\/posts\/111793\/revisions"}],"wp:attachment":[{"href":"https:\/\/linitiative.ca\/International\/wp-json\/wp\/v2\/media?parent=111793"}],"wp:term":[{"taxonomy":"category","embeddable":true,"href":"https:\/\/linitiative.ca\/International\/wp-json\/wp\/v2\/categories?post=111793"},{"taxonomy":"post_tag","embeddable":true,"href":"https:\/\/linitiative.ca\/International\/wp-json\/wp\/v2\/tags?post=111793"}],"curies":[{"name":"wp","href":"https:\/\/api.w.org\/{rel}","templated":true}]}}