{"id":111794,"date":"2021-02-22T10:35:00","date_gmt":"2021-02-22T15:35:00","guid":{"rendered":"https:\/\/linitiative.ca\/International\/liberation-de-prisonniers-politiques-en-algerie\/"},"modified":"2021-02-22T10:35:00","modified_gmt":"2021-02-22T15:35:00","slug":"liberation-de-prisonniers-politiques-en-algerie","status":"publish","type":"post","link":"https:\/\/linitiative.ca\/International\/liberation-de-prisonniers-politiques-en-algerie\/","title":{"rendered":"Lib\u00e9ration de prisonniers politiques en Alg\u00e9rie"},"content":{"rendered":"<p class=\"p1 c3\"><span class=\"c2\">Le Temps- Agences- En Alg\u00e9rie, lib\u00e9ration de plusieurs d\u00e9tenus d&rsquo;opinion, conform\u00e9ment \u00e0 une d\u00e9cision de gr\u00e2ce pr\u00e9sidentielle au profit des prisonniers du \u00ab\u00a0Hirak\u00a0\u00bb.<\/span><\/p>\n<p class=\"p1 c3\"><span class=\"c2\">Les autorit\u00e9s alg\u00e9riennes ont lib\u00e9r\u00e9 ce vendredi soir une trentaine de d\u00e9tenus d&rsquo;opinion, conform\u00e9ment \u00e0 une d\u00e9cision de gr\u00e2ce pr\u00e9sidentielle.<\/span><\/p>\n<p class=\"p1 c3\"><span class=\"c2\">Parmi les personnes lib\u00e9r\u00e9es, le journaliste Khaled Drareni, fondateur d&rsquo;un site d&rsquo;information (Casbah Tribune) et correspondant en Alg\u00e9rie de l&rsquo;ONG Reporters sans fronti\u00e8res.<\/span><\/p>\n<p class=\"p1 c3\"><span class=\"c2\">Ses premiers mots, \u00e0 la sortie de prison, ont \u00e9t\u00e9 pour remercier ceux qui l&rsquo;avaient soutenus et qui d\u00e9fendent son combat pour une presse libre. Il a aussi appel\u00e9 \u00e0 la lib\u00e9ration de tous les d\u00e9tenus d&rsquo;opinion, toujours sous les verrous.<\/span><\/p>\n<p class=\"p1 c3\"><span class=\"c2\">Ces lib\u00e9rations de militants et d&rsquo;opposants politiques s&rsquo;inscrivent dans le cadre des gestes d&rsquo;ouverture d\u00e9cid\u00e9s par le pr\u00e9sident alg\u00e9rien.<\/span><\/p>\n<p class=\"p1 c3\"><span class=\"c2\">Dans une allocution, ce jeudi, Abdelmadjid Tebboune a annonc\u00e9 l&rsquo;organisation de l\u00e9gislatives anticip\u00e9es d&rsquo;ici \u00e0 la fin de l&rsquo;ann\u00e9e, ainsi qu&rsquo;un remaniement minist\u00e9riel imminent.<\/span><\/p>\n<p>Auteur: letemps1<br \/>\n<a href=\"http:\/\/www.letemps.com.tn\/article\/119383\/lib%C3%A9ration-de-prisonniers-politiques-en-alg%C3%A9rie\">Cliquez ici pour lire l&rsquo;article depuis sa source.<\/a><\/p>\n","protected":false},"excerpt":{"rendered":"<p>Le Temps- Agences- En Alg\u00e9rie, lib\u00e9ration de plusieurs d\u00e9tenus d&rsquo;opinion, conform\u00e9ment \u00e0 une d\u00e9cision de gr\u00e2ce pr\u00e9sidentielle au profit des prisonniers du \u00ab\u00a0Hirak\u00a0\u00bb. Les autorit\u00e9s alg\u00e9riennes ont lib\u00e9r\u00e9 ce vendredi soir une trentaine de d\u00e9tenus d&rsquo;opinion, conform\u00e9ment \u00e0 une d\u00e9cision de gr\u00e2ce pr\u00e9sidentielle. Parmi les personnes lib\u00e9r\u00e9es, le journaliste Khaled Drareni, fondateur d&rsquo;un site d&rsquo;information [&hellip;]<\/p>\n","protected":false},"author":1773,"featured_media":0,"comment_status":"closed","ping_status":"closed","sticky":false,"template":"","format":"standard","meta":{"fifu_image_url":"","fifu_image_alt":"","footnotes":""},"categories":[73,55],"tags":[],"class_list":["post-111794","post","type-post","status-publish","format-standard","hentry","category-actualite","category-tunisie"],"_links":{"self":[{"href":"https:\/\/linitiative.ca\/International\/wp-json\/wp\/v2\/posts\/111794","targetHints":{"allow":["GET"]}}],"collection":[{"href":"https:\/\/linitiative.ca\/International\/wp-json\/wp\/v2\/posts"}],"about":[{"href":"https:\/\/linitiative.ca\/International\/wp-json\/wp\/v2\/types\/post"}],"author":[{"embeddable":true,"href":"https:\/\/linitiative.ca\/International\/wp-json\/wp\/v2\/users\/1773"}],"replies":[{"embeddable":true,"href":"https:\/\/linitiative.ca\/International\/wp-json\/wp\/v2\/comments?post=111794"}],"version-history":[{"count":0,"href":"https:\/\/linitiative.ca\/International\/wp-json\/wp\/v2\/posts\/111794\/revisions"}],"wp:attachment":[{"href":"https:\/\/linitiative.ca\/International\/wp-json\/wp\/v2\/media?parent=111794"}],"wp:term":[{"taxonomy":"category","embeddable":true,"href":"https:\/\/linitiative.ca\/International\/wp-json\/wp\/v2\/categories?post=111794"},{"taxonomy":"post_tag","embeddable":true,"href":"https:\/\/linitiative.ca\/International\/wp-json\/wp\/v2\/tags?post=111794"}],"curies":[{"name":"wp","href":"https:\/\/api.w.org\/{rel}","templated":true}]}}