{"id":111795,"date":"2021-02-22T10:45:00","date_gmt":"2021-02-22T15:45:00","guid":{"rendered":"https:\/\/linitiative.ca\/International\/klopp-dans-une-saison-normale-nous-serions-plus-proches-de-city\/"},"modified":"2021-02-22T10:45:00","modified_gmt":"2021-02-22T15:45:00","slug":"klopp-dans-une-saison-normale-nous-serions-plus-proches-de-city","status":"publish","type":"post","link":"https:\/\/linitiative.ca\/International\/klopp-dans-une-saison-normale-nous-serions-plus-proches-de-city\/","title":{"rendered":"Klopp : \u00abDans une saison normale nous serions plus proches de City\u00bb"},"content":{"rendered":"<p class=\"p1 c3\"><span class=\"c2\">Les Reds ont vu leur d\u00e9fense du titre de champions d\u2019Angleterre largement perturb\u00e9e par les blessures depuis le d\u00e9but de la saison.<\/span><\/p>\n<p class=\"p1 c3\"><span class=\"c2\">L\u2019entra\u00eeneur de Liverpool, Jurgen Klopp, a d\u00e9clar\u00e9 que son \u00e9quipe serait plus proche du leader de la Premier League, Manchester City, si 2020-21 avait \u00e9t\u00e9 une \u00absaison normale\u00bb. Plusieurs joueurs cl\u00e9s de Liverpool ont \u00e9t\u00e9 bless\u00e9s pour des p\u00e9riodes importantes, notamment en d\u00e9fense o\u00f9 Virgil van Dijk, Joe Gomez et Joel Matip risquent de manquer le reste de la saison. L\u2019\u00e9quipe de Klopp a remport\u00e9 son premier titre de Premier League la saison derni\u00e8re mais se trouve actuellement \u00e0 la sixi\u00e8me place, \u00e0 16 points de l\u2019\u00e9quipe de Pep Guardiola.<\/span><\/p>\n<p class=\"p1 c3\"><span class=\"c2\">\u00abNous n\u2019avons jamais pens\u00e9 \u00e0 la fa\u00e7on de d\u00e9passer City. Ou comment redevenir la meilleure \u00e9quipe de football anglais, quoi que cela signifie\u00bb, a d\u00e9clar\u00e9 Klopp.<\/span><\/p>\n<p class=\"p1 c3\"><span class=\"c2\">\u00abNous voulions juste \u00eatre la meilleure version de nous-m\u00eames. Nous avons de nouveau cette chance. Si c\u2019est suffisant, c\u2019est suffisant. Si une autre \u00e9quipe est meilleure, c\u2019est comme \u00e7a que le sport fonctionne.<\/span><\/p>\n<p class=\"p1 c3\"><span class=\"c2\">\u00abNous ne pouvons pas faire plus que d\u2019\u00eatre la meilleure version de nous-m\u00eames et c\u2019est ce que nous allons essayer \u00e0 nouveau en tant qu\u2019\u00e9quipe. Pour cela, nous avons besoin d\u2019un peu plus de chance, bien s\u00fbr. Un peu plus de chance avec les blessures et nous pouvons nous en rapprocher.<\/span><\/p>\n<p class=\"p1 c3\"><span class=\"c2\">\u00abNous sommes tous d\u2019accord, et je suis s\u00fbr que Pep dirait que, dans une saison normale pour les deux \u00e9quipes, nous ne serions pas \u00e0 16 points. Mais nous le sommes. C\u2019est comme \u00e7a. Nous l\u2019acceptons. Cette saison, ce n\u2019est pas notre probl\u00e8me de savoir si nous sommes proches de City. C\u2019est de savoir jusqu\u2019o\u00f9 nous pouvons remonter. C\u2019est assez de travail \u00e0 faire.\u00bb<\/span><\/p>\n<p class=\"p1 c3\"><span class=\"c2\">Certains des joueurs les plus importants de Liverpool ont manqu\u00e9 beaucoup de temps cette saison. Les blessures de Van Dijk, Gomez et Matip &#8211; les trois meilleurs d\u00e9fenseurs centraux de l\u2019\u00e9quipe &#8211; ont \u00e9t\u00e9 les plus pr\u00e9judiciables pour les Reds.\u00a0En outre, Diogo Jota, Thiago Alcantara, Naby Keita, Fabinho, Jordan Henderson, Alisson et Trent Alexander-Arnold ont tous manqu\u00e9 \u00e0 divers moments.<\/span><\/p>\n<p class=\"p1 c3\"><span class=\"c2\">Fabinho et Henderson ont \u00e9t\u00e9 contraints de jouer des r\u00f4les de d\u00e9fenseurs centraux de fortune pour couvrir la vague de blessures, laissant les Reds plus faibles au milieu de terrain.\u00a0 Ozan Kabak et Ben Davies ont \u00e9t\u00e9 recrut\u00e9s pendant la p\u00e9riode de transfert de janvier pour aider \u00e0 couvrir les absences de Liverpool en d\u00e9fense.<\/span><\/p>\n<p class=\"p1 c3\"><span class=\"c2\">L\u2019\u00e9quipe de Klopp affrontera ensuite le RB Leipzig en huiti\u00e8me de finale retour de la Ligue des champions, apr\u00e8s avoir remport\u00e9 le match aller 2-0 cette semaine.<\/span><\/p>\n<p>Auteur: letemps1<br \/>\n<a href=\"http:\/\/www.letemps.com.tn\/article\/119384\/klopp-%C2%ABdans-une-saison-normale-nous-serions-plus-proches-de-city%C2%BB\">Cliquez ici pour lire l&rsquo;article depuis sa source.<\/a><\/p>\n","protected":false},"excerpt":{"rendered":"<p>Les Reds ont vu leur d\u00e9fense du titre de champions d\u2019Angleterre largement perturb\u00e9e par les blessures depuis le d\u00e9but de la saison. L\u2019entra\u00eeneur de Liverpool, Jurgen Klopp, a d\u00e9clar\u00e9 que son \u00e9quipe serait plus proche du leader de la Premier League, Manchester City, si 2020-21 avait \u00e9t\u00e9 une \u00absaison normale\u00bb. Plusieurs joueurs cl\u00e9s de Liverpool [&hellip;]<\/p>\n","protected":false},"author":1773,"featured_media":0,"comment_status":"closed","ping_status":"closed","sticky":false,"template":"","format":"standard","meta":{"fifu_image_url":"","fifu_image_alt":"","footnotes":""},"categories":[73,55],"tags":[],"class_list":["post-111795","post","type-post","status-publish","format-standard","hentry","category-actualite","category-tunisie"],"_links":{"self":[{"href":"https:\/\/linitiative.ca\/International\/wp-json\/wp\/v2\/posts\/111795","targetHints":{"allow":["GET"]}}],"collection":[{"href":"https:\/\/linitiative.ca\/International\/wp-json\/wp\/v2\/posts"}],"about":[{"href":"https:\/\/linitiative.ca\/International\/wp-json\/wp\/v2\/types\/post"}],"author":[{"embeddable":true,"href":"https:\/\/linitiative.ca\/International\/wp-json\/wp\/v2\/users\/1773"}],"replies":[{"embeddable":true,"href":"https:\/\/linitiative.ca\/International\/wp-json\/wp\/v2\/comments?post=111795"}],"version-history":[{"count":0,"href":"https:\/\/linitiative.ca\/International\/wp-json\/wp\/v2\/posts\/111795\/revisions"}],"wp:attachment":[{"href":"https:\/\/linitiative.ca\/International\/wp-json\/wp\/v2\/media?parent=111795"}],"wp:term":[{"taxonomy":"category","embeddable":true,"href":"https:\/\/linitiative.ca\/International\/wp-json\/wp\/v2\/categories?post=111795"},{"taxonomy":"post_tag","embeddable":true,"href":"https:\/\/linitiative.ca\/International\/wp-json\/wp\/v2\/tags?post=111795"}],"curies":[{"name":"wp","href":"https:\/\/api.w.org\/{rel}","templated":true}]}}