{"id":111796,"date":"2021-02-22T10:45:00","date_gmt":"2021-02-22T15:45:00","guid":{"rendered":"https:\/\/linitiative.ca\/International\/ibrahimovic-victime-dinsultes-racistes-a-belgrade\/"},"modified":"2021-02-22T10:45:00","modified_gmt":"2021-02-22T15:45:00","slug":"ibrahimovic-victime-dinsultes-racistes-a-belgrade","status":"publish","type":"post","link":"https:\/\/linitiative.ca\/International\/ibrahimovic-victime-dinsultes-racistes-a-belgrade\/","title":{"rendered":"Ibrahimovic victime d\u2019insultes racistes \u00e0 Belgrade\u00a0!"},"content":{"rendered":"<p class=\"p1 c3\"><span class=\"c2\">D\u2019origine bosnienne, l\u2019attaquant su\u00e9dois Zlatan Ibrahimovic a fait l\u2019objet d\u2019insultes \u00e0 caract\u00e8re raciste, jeudi \u00e0 Belgrade, lors du 16e de finale aller de la Ligue Europa\u00a0entre l\u2019AC Milan et l\u2019\u00c9toile Rouge (2-2).\u00a0Sur des images diffus\u00e9es vendredi par la cha\u00eene N1, montrant le joueur assis dans les tribunes du stade du club belgradois, on entend la voix d\u203aun homme insultant \u00e0 plusieurs reprises Ibrahimovic le qualifiant notamment de\u00a0\u00ab Balija\u00a0(nom p\u00e9joratif donn\u00e9 aux Musulmans de Bosnie par les nationalistes serbes)\u00a0puant. \u00bb\u00a0Des loges pleines pour un match \u00e0 huis clos\u00a0\u00ab L\u203a\u00c9toile rouge condamne le plus vigoureusement les insultes adress\u00e9es \u00e0 Zlatan Ibrahimovic\u00a0[&#8230;]\u00a0l\u2019\u00c9toile rouge s\u2019excuse pour ce que Ibrahimovic a v\u00e9cu dans notre maison \u00bb, a indiqu\u00e9 le club serbe dans un communiqu\u00e9 cit\u00e9 par les m\u00e9dias locaux. L\u2019\u00c9toile rouge va coop\u00e9rer avec les autorit\u00e9s pour d\u00e9couvrir l\u2019individu responsable de cet incident et insister pour qu\u2019il soit sanctionn\u00e9 de mani\u00e8re ad\u00e9quate, a ajout\u00e9 le club. La rencontre \u00e9tait en principe disput\u00e9e \u00e0 huis clos en raison des mesures en vigueur contre l\u2019\u00e9pid\u00e9mie du coronavirus. Toutefois, les loges du stade, situ\u00e9es tout en haut de la tribune ouest, soit quelques centaines de si\u00e8ges, \u00e9taient pleines de monde. Ces places ne sont pas mises en vente et sont d\u2019habitude r\u00e9serv\u00e9es aux invit\u00e9s du club et \u00e0 la presse.<\/span><\/p>\n<p>Auteur: letemps1<br \/>\n<a href=\"http:\/\/www.letemps.com.tn\/article\/119385\/ibrahimovic-victime-d%E2%80%99insultes-racistes-%C3%A0-belgrade%C2%A0\">Cliquez ici pour lire l&rsquo;article depuis sa source.<\/a><\/p>\n","protected":false},"excerpt":{"rendered":"<p>D\u2019origine bosnienne, l\u2019attaquant su\u00e9dois Zlatan Ibrahimovic a fait l\u2019objet d\u2019insultes \u00e0 caract\u00e8re raciste, jeudi \u00e0 Belgrade, lors du 16e de finale aller de la Ligue Europa\u00a0entre l\u2019AC Milan et l\u2019\u00c9toile Rouge (2-2).\u00a0Sur des images diffus\u00e9es vendredi par la cha\u00eene N1, montrant le joueur assis dans les tribunes du stade du club belgradois, on entend la [&hellip;]<\/p>\n","protected":false},"author":1773,"featured_media":0,"comment_status":"closed","ping_status":"closed","sticky":false,"template":"","format":"standard","meta":{"fifu_image_url":"","fifu_image_alt":"","footnotes":""},"categories":[73,55],"tags":[],"class_list":["post-111796","post","type-post","status-publish","format-standard","hentry","category-actualite","category-tunisie"],"_links":{"self":[{"href":"https:\/\/linitiative.ca\/International\/wp-json\/wp\/v2\/posts\/111796","targetHints":{"allow":["GET"]}}],"collection":[{"href":"https:\/\/linitiative.ca\/International\/wp-json\/wp\/v2\/posts"}],"about":[{"href":"https:\/\/linitiative.ca\/International\/wp-json\/wp\/v2\/types\/post"}],"author":[{"embeddable":true,"href":"https:\/\/linitiative.ca\/International\/wp-json\/wp\/v2\/users\/1773"}],"replies":[{"embeddable":true,"href":"https:\/\/linitiative.ca\/International\/wp-json\/wp\/v2\/comments?post=111796"}],"version-history":[{"count":0,"href":"https:\/\/linitiative.ca\/International\/wp-json\/wp\/v2\/posts\/111796\/revisions"}],"wp:attachment":[{"href":"https:\/\/linitiative.ca\/International\/wp-json\/wp\/v2\/media?parent=111796"}],"wp:term":[{"taxonomy":"category","embeddable":true,"href":"https:\/\/linitiative.ca\/International\/wp-json\/wp\/v2\/categories?post=111796"},{"taxonomy":"post_tag","embeddable":true,"href":"https:\/\/linitiative.ca\/International\/wp-json\/wp\/v2\/tags?post=111796"}],"curies":[{"name":"wp","href":"https:\/\/api.w.org\/{rel}","templated":true}]}}