{"id":111798,"date":"2021-02-22T15:14:03","date_gmt":"2021-02-22T20:14:03","guid":{"rendered":"https:\/\/linitiative.ca\/International\/international-un-scandale-financier-a-venir-pour-le-real-madrid\/"},"modified":"2021-02-22T15:14:03","modified_gmt":"2021-02-22T20:14:03","slug":"international-un-scandale-financier-a-venir-pour-le-real-madrid","status":"publish","type":"post","link":"https:\/\/linitiative.ca\/International\/international-un-scandale-financier-a-venir-pour-le-real-madrid\/","title":{"rendered":"International : Un scandale financier \u00e0 venir pour le Real Madrid ?"},"content":{"rendered":"<div readability=\"32\">\n<p>Auteur : <span class=\"time\">lundi 22 f\u00e9vrier 2021 13:16<\/span><\/p>\n<\/div>\n<div id=\"post_core\" readability=\"44\">\n<p>Ce lundi, des documents partag\u00e9s par InfoLibre et Der Spiegel avec le consortium European Investigative Collaborations (EIC) d\u00e9montrent que le Real Madrid aurait la garantie d\u2019un versement de 200 millions par deux soci\u00e9t\u00e9s bas\u00e9es aux Iles Ca\u00efmans dont l\u2019une n&rsquo;ayant que 20 000 euros de capital social comme l&rsquo;indique Footmercato.<\/p>\n<p>Des transactions tr\u00e8s suspectes pour le club madril\u00e8ne qui a besoin de liquidit\u00e9 ces derniers mois avec l\u2019impact \u00e9conomique de la pand\u00e9mie. Ces 200 millions tomberaient donc \u00e0 pic. Le rapport pr\u00e9cise que les dirigeants Merengues \u00e9taient conscients des risques fiscaux, mais ont tout de m\u00eame accept\u00e9 l&rsquo;accord avec les fonds Providence alors que cette structure devrait tr\u00e8s certainement \u00eatre remise en cause par les autorit\u00e9s fiscales.<\/p>\n<p><strong>Publi\u00e9 dans :<\/strong> <span>real madrid<\/span><\/p>\n<\/div>\n<p>Auteur:<br \/>\n<a href=\"http:\/\/www.lebuteur.com\/article\/detail?titre=un-scandale-financier-a-venir-pour-le-real-madrid&#038;id=99162&#038;utm_source=feedburner&#038;utm_medium=feed&#038;utm_campaign=Feed%3A+GalerieFArtciles+%28Les+derniers+articles++-+lebuteur.com%29\">Cliquez ici pour lire l&rsquo;article depuis sa source.<\/a><\/p>\n","protected":false},"excerpt":{"rendered":"<p>Auteur : lundi 22 f\u00e9vrier 2021 13:16 Ce lundi, des documents partag\u00e9s par InfoLibre et Der Spiegel avec le consortium European Investigative Collaborations (EIC) d\u00e9montrent que le Real Madrid aurait la garantie d\u2019un versement de 200 millions par deux soci\u00e9t\u00e9s bas\u00e9es aux Iles Ca\u00efmans dont l\u2019une n&rsquo;ayant que 20 000 euros de capital social comme [&hellip;]<\/p>\n","protected":false},"author":1738,"featured_media":0,"comment_status":"closed","ping_status":"closed","sticky":false,"template":"","format":"standard","meta":{"fifu_image_url":"\/\/cdn.lebuteur.com\/data\/images\/article\/thumbs\/large-un-scandale-financier-a-venir-pour-le-real-madrid-a363e.jpg","fifu_image_alt":"International : Un scandale financier \u00e0 venir pour le Real Madrid ?","footnotes":""},"categories":[53,75],"tags":[],"class_list":["post-111798","post","type-post","status-publish","format-standard","hentry","category-algerie","category-sport"],"_links":{"self":[{"href":"https:\/\/linitiative.ca\/International\/wp-json\/wp\/v2\/posts\/111798","targetHints":{"allow":["GET"]}}],"collection":[{"href":"https:\/\/linitiative.ca\/International\/wp-json\/wp\/v2\/posts"}],"about":[{"href":"https:\/\/linitiative.ca\/International\/wp-json\/wp\/v2\/types\/post"}],"author":[{"embeddable":true,"href":"https:\/\/linitiative.ca\/International\/wp-json\/wp\/v2\/users\/1738"}],"replies":[{"embeddable":true,"href":"https:\/\/linitiative.ca\/International\/wp-json\/wp\/v2\/comments?post=111798"}],"version-history":[{"count":0,"href":"https:\/\/linitiative.ca\/International\/wp-json\/wp\/v2\/posts\/111798\/revisions"}],"wp:attachment":[{"href":"https:\/\/linitiative.ca\/International\/wp-json\/wp\/v2\/media?parent=111798"}],"wp:term":[{"taxonomy":"category","embeddable":true,"href":"https:\/\/linitiative.ca\/International\/wp-json\/wp\/v2\/categories?post=111798"},{"taxonomy":"post_tag","embeddable":true,"href":"https:\/\/linitiative.ca\/International\/wp-json\/wp\/v2\/tags?post=111798"}],"curies":[{"name":"wp","href":"https:\/\/api.w.org\/{rel}","templated":true}]}}