{"id":111799,"date":"2021-02-22T15:14:05","date_gmt":"2021-02-22T20:14:05","guid":{"rendered":"https:\/\/linitiative.ca\/International\/international-le-fc-barcelone-veut-un-joueur-du-paris-saint-germain\/"},"modified":"2021-02-22T15:14:05","modified_gmt":"2021-02-22T20:14:05","slug":"international-le-fc-barcelone-veut-un-joueur-du-paris-saint-germain","status":"publish","type":"post","link":"https:\/\/linitiative.ca\/International\/international-le-fc-barcelone-veut-un-joueur-du-paris-saint-germain\/","title":{"rendered":"International : Le FC Barcelone veut un joueur du Paris Saint Germain"},"content":{"rendered":"<div readability=\"32\">\n<p>Auteur : <span class=\"time\">lundi 22 f\u00e9vrier 2021 14:00<\/span><\/p>\n<\/div>\n<div id=\"post_core\" readability=\"47\">\n<p>En effet, apr\u00e8s Kays Ruiz-Atil, les Catalans lorgneraient sur le lat\u00e9ral gauche ib\u00e9rique\u00a0Juan Bernat, lui aussi en fin de contrat, si l\u2019on en croit Les-Transferts.<\/p>\n<p>Sans argent, il repr\u00e9sente une belle opportunit\u00e9 pour les Blaugranas, mais son arriv\u00e9e sera compliqu\u00e9e \u00e0 boucler puisqu\u2019il ne serait pas contre prolonger son aventure au PSG. A noter que d\u2019apr\u00e8s Estadio Deportivo, le FC S\u00e9ville serait aussi int\u00e9ress\u00e9 par l\u2019ancien joueur du FC Valence.<\/p>\n<p><strong>Publi\u00e9 dans :<\/strong> <span>fc barcelone<\/span> <span>Paris Saint Germain<\/span><\/p>\n<\/div>\n<p>Auteur:<br \/>\n<a href=\"http:\/\/www.lebuteur.com\/article\/detail?titre=le-fc-barcelone-veut-un-joueur-du-paris-saint-germain&#038;id=99163&#038;utm_source=feedburner&#038;utm_medium=feed&#038;utm_campaign=Feed%3A+GalerieFArtciles+%28Les+derniers+articles++-+lebuteur.com%29\">Cliquez ici pour lire l&rsquo;article depuis sa source.<\/a><\/p>\n","protected":false},"excerpt":{"rendered":"<p>Auteur : lundi 22 f\u00e9vrier 2021 14:00 En effet, apr\u00e8s Kays Ruiz-Atil, les Catalans lorgneraient sur le lat\u00e9ral gauche ib\u00e9rique\u00a0Juan Bernat, lui aussi en fin de contrat, si l\u2019on en croit Les-Transferts. Sans argent, il repr\u00e9sente une belle opportunit\u00e9 pour les Blaugranas, mais son arriv\u00e9e sera compliqu\u00e9e \u00e0 boucler puisqu\u2019il ne serait pas contre prolonger [&hellip;]<\/p>\n","protected":false},"author":1738,"featured_media":0,"comment_status":"closed","ping_status":"closed","sticky":false,"template":"","format":"standard","meta":{"fifu_image_url":"\/\/cdn.lebuteur.com\/data\/images\/article\/thumbs\/large-le-fc-barcelone-veut-un-joueur-du-paris-saint-germain-0ea3d.png","fifu_image_alt":"International : Le FC Barcelone veut un joueur du Paris Saint Germain","footnotes":""},"categories":[53,75],"tags":[],"class_list":["post-111799","post","type-post","status-publish","format-standard","hentry","category-algerie","category-sport"],"_links":{"self":[{"href":"https:\/\/linitiative.ca\/International\/wp-json\/wp\/v2\/posts\/111799","targetHints":{"allow":["GET"]}}],"collection":[{"href":"https:\/\/linitiative.ca\/International\/wp-json\/wp\/v2\/posts"}],"about":[{"href":"https:\/\/linitiative.ca\/International\/wp-json\/wp\/v2\/types\/post"}],"author":[{"embeddable":true,"href":"https:\/\/linitiative.ca\/International\/wp-json\/wp\/v2\/users\/1738"}],"replies":[{"embeddable":true,"href":"https:\/\/linitiative.ca\/International\/wp-json\/wp\/v2\/comments?post=111799"}],"version-history":[{"count":0,"href":"https:\/\/linitiative.ca\/International\/wp-json\/wp\/v2\/posts\/111799\/revisions"}],"wp:attachment":[{"href":"https:\/\/linitiative.ca\/International\/wp-json\/wp\/v2\/media?parent=111799"}],"wp:term":[{"taxonomy":"category","embeddable":true,"href":"https:\/\/linitiative.ca\/International\/wp-json\/wp\/v2\/categories?post=111799"},{"taxonomy":"post_tag","embeddable":true,"href":"https:\/\/linitiative.ca\/International\/wp-json\/wp\/v2\/tags?post=111799"}],"curies":[{"name":"wp","href":"https:\/\/api.w.org\/{rel}","templated":true}]}}