{"id":111800,"date":"2021-02-22T15:14:07","date_gmt":"2021-02-22T20:14:07","guid":{"rendered":"https:\/\/linitiative.ca\/International\/international-real-madrid-un-international-espagnol-pour-remplacer-marcelo\/"},"modified":"2021-02-22T15:14:07","modified_gmt":"2021-02-22T20:14:07","slug":"international-real-madrid-un-international-espagnol-pour-remplacer-marcelo","status":"publish","type":"post","link":"https:\/\/linitiative.ca\/International\/international-real-madrid-un-international-espagnol-pour-remplacer-marcelo\/","title":{"rendered":"International : Real Madrid : Un international espagnol pour remplacer Marcelo ?"},"content":{"rendered":"<div readability=\"32\">\n<p>Auteur : <span class=\"time\">lundi 22 f\u00e9vrier 2021 15:00<\/span><\/p>\n<\/div>\n<div id=\"post_core\" readability=\"41\">\n<p>L\u2019international br\u00e9silien aurait des touches en Italie avec notamment la Juventus Turin. Pour le remplacer, Les-Transferts\u00a0nous r\u00e9v\u00e8le que les dirigeants madril\u00e8nes s\u2019int\u00e9resseraient de pr\u00e8s \u00e0 Jos\u00e9 Gaya. Actuellement au\u00a0FC Valence, ce dernier dispose d\u2019un contrat jusqu\u2019en juin 2023. Cette saison, l\u2019international espagnol a disput\u00e9 22 rencontres toutes comp\u00e9titions confondues avec le club Ch\u00e9. Egalement dans le viseur du FC Barcelone, le natif de Pedreguer pourrait \u00eatre disponible pour une somme de 20 millions d\u2019euros.<\/p>\n<p><strong>Publi\u00e9 dans :<\/strong> <span>Jos\u00e9 Gay\u00e0<\/span> <span>Real Madrid : Marcelo<\/span><\/p>\n<\/div>\n<p>Auteur:<br \/>\n<a href=\"http:\/\/www.lebuteur.com\/article\/detail?titre=real-madrid-un-international-espagnol-pour-remplacer-marcelo&#038;id=99164&#038;utm_source=feedburner&#038;utm_medium=feed&#038;utm_campaign=Feed%3A+GalerieFArtciles+%28Les+derniers+articles++-+lebuteur.com%29\">Cliquez ici pour lire l&rsquo;article depuis sa source.<\/a><\/p>\n","protected":false},"excerpt":{"rendered":"<p>Auteur : lundi 22 f\u00e9vrier 2021 15:00 L\u2019international br\u00e9silien aurait des touches en Italie avec notamment la Juventus Turin. Pour le remplacer, Les-Transferts\u00a0nous r\u00e9v\u00e8le que les dirigeants madril\u00e8nes s\u2019int\u00e9resseraient de pr\u00e8s \u00e0 Jos\u00e9 Gaya. Actuellement au\u00a0FC Valence, ce dernier dispose d\u2019un contrat jusqu\u2019en juin 2023. Cette saison, l\u2019international espagnol a disput\u00e9 22 rencontres toutes comp\u00e9titions [&hellip;]<\/p>\n","protected":false},"author":1738,"featured_media":0,"comment_status":"closed","ping_status":"closed","sticky":false,"template":"","format":"standard","meta":{"fifu_image_url":"\/\/cdn.lebuteur.com\/data\/images\/article\/thumbs\/large-real-madrid-un-international-espagnol-pour-remplacer-marcelo-e6132.jpg","fifu_image_alt":"International : Real Madrid : Un international espagnol pour remplacer Marcelo ?","footnotes":""},"categories":[53,75],"tags":[],"class_list":["post-111800","post","type-post","status-publish","format-standard","hentry","category-algerie","category-sport"],"_links":{"self":[{"href":"https:\/\/linitiative.ca\/International\/wp-json\/wp\/v2\/posts\/111800","targetHints":{"allow":["GET"]}}],"collection":[{"href":"https:\/\/linitiative.ca\/International\/wp-json\/wp\/v2\/posts"}],"about":[{"href":"https:\/\/linitiative.ca\/International\/wp-json\/wp\/v2\/types\/post"}],"author":[{"embeddable":true,"href":"https:\/\/linitiative.ca\/International\/wp-json\/wp\/v2\/users\/1738"}],"replies":[{"embeddable":true,"href":"https:\/\/linitiative.ca\/International\/wp-json\/wp\/v2\/comments?post=111800"}],"version-history":[{"count":0,"href":"https:\/\/linitiative.ca\/International\/wp-json\/wp\/v2\/posts\/111800\/revisions"}],"wp:attachment":[{"href":"https:\/\/linitiative.ca\/International\/wp-json\/wp\/v2\/media?parent=111800"}],"wp:term":[{"taxonomy":"category","embeddable":true,"href":"https:\/\/linitiative.ca\/International\/wp-json\/wp\/v2\/categories?post=111800"},{"taxonomy":"post_tag","embeddable":true,"href":"https:\/\/linitiative.ca\/International\/wp-json\/wp\/v2\/tags?post=111800"}],"curies":[{"name":"wp","href":"https:\/\/api.w.org\/{rel}","templated":true}]}}