{"id":111802,"date":"2021-02-22T15:14:11","date_gmt":"2021-02-22T20:14:11","guid":{"rendered":"https:\/\/linitiative.ca\/International\/afrique-ligue-des-champions-crb-mamelodi-sundowns-le-28-fevrier-en-tanzanie\/"},"modified":"2021-02-22T15:14:11","modified_gmt":"2021-02-22T20:14:11","slug":"afrique-ligue-des-champions-crb-mamelodi-sundowns-le-28-fevrier-en-tanzanie","status":"publish","type":"post","link":"https:\/\/linitiative.ca\/International\/afrique-ligue-des-champions-crb-mamelodi-sundowns-le-28-fevrier-en-tanzanie\/","title":{"rendered":"Afrique : Ligue des champions: CRB &#8211; Mamelodi Sundowns le 28 f\u00e9vrier en Tanzanie"},"content":{"rendered":"<div readability=\"32\">\n<p>Auteur : <span>APS<\/span> <span class=\"time\">lundi 22 f\u00e9vrier 2021 15:55<\/span><\/p>\n<\/div>\n<div id=\"post_core\" readability=\"49\">\n<p>Le match CR Belouizdad &#8211; Mamelodi Sundowns, comptant pour la 2e journ\u00e9e du groupe B de la Ligue des champions, se jouera le 28 f\u00e9vrier (14h00 alg\u00e9riennes) au stade Benjamin-Mkapa de Dar Es-Salaam (Tanzanie), a annonc\u00e9 lundi la commission d&rsquo;organisation des comp\u00e9titions interclubs de la Conf\u00e9d\u00e9ration africaine de football (CAF). Cette rencontre, pr\u00e9vue initialement mardi \u00e0 Alger, a \u00e9t\u00e9 report\u00e9e suite \u00e0 la demande formul\u00e9e par le club alg\u00e9rois et transmise par la F\u00e9d\u00e9ration alg\u00e9rienne (FAF) \u00e0 la CAF, en raison des risques de contamination au variant sud-africain de coronavirus. Suite \u00e0 cette demande, la CAF a valid\u00e9 ce report, tout en accordant un d\u00e9lai de 48 heures au CRB, pour lui permettre de trouver un pays neutre pour jouer cette rencontre. Outre la d\u00e9signation de ce match, la CAF a \u00e9galement indiqu\u00e9 que la rencontre WA Casablanca &#8211; Kaizer Chiefs FC, report\u00e9e pour le m\u00eame motif, a \u00e9t\u00e9 programm\u00e9e pour le 28 f\u00e9vrier au stade du 4-Ao\u00fbt (17h00) d\u2019Ouagadougou (Burkina Faso). L&rsquo;Afrique du Sud traverse une deuxi\u00e8me vague de coronavirus, largement caus\u00e9e par un variant local, r\u00e9put\u00e9 plus contagieux.<\/p>\n<p><strong>Publi\u00e9 dans :<\/strong> <span>CRB<\/span><\/p>\n<\/div>\n<p>Auteur:<br \/>\n<a href=\"http:\/\/www.lebuteur.com\/article\/detail?titre=ligue-des-champions-crb-mamelodi-sundowns-le-28-fevrier-en-tanzanie&#038;id=99166&#038;utm_source=feedburner&#038;utm_medium=feed&#038;utm_campaign=Feed%3A+GalerieFArtciles+%28Les+derniers+articles++-+lebuteur.com%29\">Cliquez ici pour lire l&rsquo;article depuis sa source.<\/a><\/p>\n","protected":false},"excerpt":{"rendered":"<p>Auteur : APS lundi 22 f\u00e9vrier 2021 15:55 Le match CR Belouizdad &#8211; Mamelodi Sundowns, comptant pour la 2e journ\u00e9e du groupe B de la Ligue des champions, se jouera le 28 f\u00e9vrier (14h00 alg\u00e9riennes) au stade Benjamin-Mkapa de Dar Es-Salaam (Tanzanie), a annonc\u00e9 lundi la commission d&rsquo;organisation des comp\u00e9titions interclubs de la Conf\u00e9d\u00e9ration africaine [&hellip;]<\/p>\n","protected":false},"author":1738,"featured_media":0,"comment_status":"closed","ping_status":"closed","sticky":false,"template":"","format":"standard","meta":{"fifu_image_url":"\/\/cdn.lebuteur.com\/data\/images\/article\/thumbs\/large-ligue-des-champions-crb-mamelodi-sundowns-le-28-fevrier-en-tanzanie-42c13.jpg","fifu_image_alt":"Afrique : Ligue des champions: CRB - Mamelodi Sundowns le 28 f\u00e9vrier en Tanzanie","footnotes":""},"categories":[53,75],"tags":[],"class_list":["post-111802","post","type-post","status-publish","format-standard","hentry","category-algerie","category-sport"],"_links":{"self":[{"href":"https:\/\/linitiative.ca\/International\/wp-json\/wp\/v2\/posts\/111802","targetHints":{"allow":["GET"]}}],"collection":[{"href":"https:\/\/linitiative.ca\/International\/wp-json\/wp\/v2\/posts"}],"about":[{"href":"https:\/\/linitiative.ca\/International\/wp-json\/wp\/v2\/types\/post"}],"author":[{"embeddable":true,"href":"https:\/\/linitiative.ca\/International\/wp-json\/wp\/v2\/users\/1738"}],"replies":[{"embeddable":true,"href":"https:\/\/linitiative.ca\/International\/wp-json\/wp\/v2\/comments?post=111802"}],"version-history":[{"count":0,"href":"https:\/\/linitiative.ca\/International\/wp-json\/wp\/v2\/posts\/111802\/revisions"}],"wp:attachment":[{"href":"https:\/\/linitiative.ca\/International\/wp-json\/wp\/v2\/media?parent=111802"}],"wp:term":[{"taxonomy":"category","embeddable":true,"href":"https:\/\/linitiative.ca\/International\/wp-json\/wp\/v2\/categories?post=111802"},{"taxonomy":"post_tag","embeddable":true,"href":"https:\/\/linitiative.ca\/International\/wp-json\/wp\/v2\/tags?post=111802"}],"curies":[{"name":"wp","href":"https:\/\/api.w.org\/{rel}","templated":true}]}}