{"id":111805,"date":"2021-02-22T10:25:00","date_gmt":"2021-02-22T15:25:00","guid":{"rendered":"https:\/\/linitiative.ca\/International\/huawei-participea-ledition-2021-du-mwc-shanghai\/"},"modified":"2021-02-22T10:25:00","modified_gmt":"2021-02-22T15:25:00","slug":"huawei-participea-ledition-2021-du-mwc-shanghai","status":"publish","type":"post","link":"https:\/\/linitiative.ca\/International\/huawei-participea-ledition-2021-du-mwc-shanghai\/","title":{"rendered":"Huawei participe\u00e0 l\u2019\u00e9dition 2021 du MWC Shanghai"},"content":{"rendered":"<p>Du 23 au 25 f\u00e9vrier 2021 se tiendra l\u2019\u00e9v\u00e8nement majeur \u00ab MWC Shanghai \u00bbau nouveau centre d&rsquo;exposition international de Shanghai organis\u00e9 par la GSMA.<\/p>\n<p>Le th\u00e8me de l\u2019\u00e9dition 2021 est \u00ab\u00a0Connected Impact\u00a0\u00bb, qui vient mettre en exergueles transformation positive du au renforcement del&rsquo;\u00e9cosyst\u00e8me num\u00e9rique autour de nous. L\u2019occasion pour Huawei, sponsor de l\u2019\u00e9v\u00e8nement, d\u2019exposer le savoir-faire del\u2019entreprisepour contribuer \u00e0 la constructiond\u2019un monde intelligent.En tant que fournisseur mondial d&rsquo;infrastructures de Technologies de l\u2019Information et de la Communication (TIC), Huawei s&rsquo;est engag\u00e9 au cours des derni\u00e8resd\u00e9cennies \u00e0 aider les populations et les acteurs industriels \u00e0 repousser les fronti\u00e8res du monde physique pour se plonger dans les possibilit\u00e9s offertes par le monde digital. Avec une digitalisation galopante sur le continent africain, mettre l&rsquo;industrie des TIC au service d&rsquo;un d\u00e9veloppement \u00e9conomique durable est aujourd\u2019hui une priorit\u00e9 pour Huawei.\u00a0 Le groupe a en Afrique pour d\u00e9fide cr\u00e9er de la valeur et de trouver des pistes de croissance en instaurant une synergie entre les cinq domaines technologiques de la connectivit\u00e9, du cloud, de l&rsquo;intelligence artificielle, de l&rsquo;informatique et de l\u2019industrie.<\/p>\n<p>Le MWC sera l\u2019occasion d\u2019explorer ces possibilit\u00e9s, o\u00f9 se rencontreront des visionnaires des TIC et des leaders d&rsquo;opinion pour un d\u00e9bat approfondi et une r\u00e9flexion sur les derni\u00e8res tendances de l&rsquo;industrie. Ainsi, le Forum affiche des partenaires et sponsors de choix auxc\u00f4t\u00e9s de Huawei : Ericsson, ZTE, McKinsey, GSA, CITIC Telecom International, CNBC, et Mobile World Live ente autres.<\/p>\n<p>Le 22 f\u00e9vrier, Catherine Chen, directrice g\u00e9n\u00e9rale adjointe et directrice du conseil d&rsquo;administration de Huawei, interviendra sur le d\u00e9veloppement durable, en ouverture du Forum. En effet, l&rsquo;innovation technologique en mati\u00e8re de TIC doit permettre d&rsquo;\u00e9conomiser toujours plusd&rsquo;\u00e9nergie et de r\u00e9duire les \u00e9missions de CO2 dans diverses industries. Pour s\u2019inscrire \u00e0 cette pr\u00e9sentation passionnante, le lien est le suivant : <a href=\"https:\/\/carrier.huawei.com\/en\/events\/mwcs2021\/huawei-day0-forum\/connected-for-shared-prosperity\" target=\"_blank\" rel=\"noopener\">https:\/\/carrier.huawei.com\/en\/events\/mwcs2021\/huawei-day0-forum\/connected-for-shared-prosperity<\/a>.<\/p>\n<p>L\u2019intervention de Ken Hu, Vice-pr\u00e9sident et pr\u00e9sident tournant du conseil d&rsquo;administration de Huawei, se tiendra lui le 23 f\u00e9vrier, et portera sur comment la technologie peut am\u00e9liorer la vie et profiter aux industries en 2021.L\u2019inscription est possible ici : <a href=\"https:\/\/carrier.huawei.com\/en\/events\/mwcs2021\" target=\"_blank\" rel=\"noopener\">https:\/\/carrier.huawei.com\/en\/events\/mwcs2021<\/a>.<\/p>\n<p>Pour conclure la participation au forum, une conf\u00e9rence de presse de Peng Song, Pr\u00e9sident du d\u00e9partement Carrier Business Group Marketing and Solution Sales de Huaweise tiendra le 24 f\u00e9vrier, pour annoncer la commercialisation de la solution RuralStar Pro, outil qui permet aux r\u00e9gions enclav\u00e9es d\u2019avoir acc\u00e8s aux NTIC et \u00e0 tous les services qui y sont li\u00e9s. L\u2019inscription est possible ici : <a href=\"https:\/\/carrier.huawei.com\/en\/events\/mwcs2021\" target=\"_blank\" rel=\"noopener\">https:\/\/carrier.huawei.com\/en\/events\/mwcs2021<\/a><\/p>\n<p>Auteur:<br \/>\n<a href=\"https:\/\/www.leaders.com.tn\/article\/31473-huawei-participea-l-edition-2021-du-mwc-shanghai\">Cliquez ici pour lire l&rsquo;article depuis sa source.<\/a><\/p>\n","protected":false},"excerpt":{"rendered":"<p>Du 23 au 25 f\u00e9vrier 2021 se tiendra l\u2019\u00e9v\u00e8nement majeur \u00ab MWC Shanghai \u00bbau nouveau centre d&rsquo;exposition international de Shanghai organis\u00e9 par la GSMA. Le th\u00e8me de l\u2019\u00e9dition 2021 est \u00ab\u00a0Connected Impact\u00a0\u00bb, qui vient mettre en exergueles transformation positive du au renforcement del&rsquo;\u00e9cosyst\u00e8me num\u00e9rique autour de nous. L\u2019occasion pour Huawei, sponsor de l\u2019\u00e9v\u00e8nement, d\u2019exposer le [&hellip;]<\/p>\n","protected":false},"author":1772,"featured_media":0,"comment_status":"closed","ping_status":"closed","sticky":false,"template":"","format":"standard","meta":{"fifu_image_url":"","fifu_image_alt":"","footnotes":""},"categories":[73,55],"tags":[],"class_list":["post-111805","post","type-post","status-publish","format-standard","hentry","category-actualite","category-tunisie"],"_links":{"self":[{"href":"https:\/\/linitiative.ca\/International\/wp-json\/wp\/v2\/posts\/111805","targetHints":{"allow":["GET"]}}],"collection":[{"href":"https:\/\/linitiative.ca\/International\/wp-json\/wp\/v2\/posts"}],"about":[{"href":"https:\/\/linitiative.ca\/International\/wp-json\/wp\/v2\/types\/post"}],"author":[{"embeddable":true,"href":"https:\/\/linitiative.ca\/International\/wp-json\/wp\/v2\/users\/1772"}],"replies":[{"embeddable":true,"href":"https:\/\/linitiative.ca\/International\/wp-json\/wp\/v2\/comments?post=111805"}],"version-history":[{"count":0,"href":"https:\/\/linitiative.ca\/International\/wp-json\/wp\/v2\/posts\/111805\/revisions"}],"wp:attachment":[{"href":"https:\/\/linitiative.ca\/International\/wp-json\/wp\/v2\/media?parent=111805"}],"wp:term":[{"taxonomy":"category","embeddable":true,"href":"https:\/\/linitiative.ca\/International\/wp-json\/wp\/v2\/categories?post=111805"},{"taxonomy":"post_tag","embeddable":true,"href":"https:\/\/linitiative.ca\/International\/wp-json\/wp\/v2\/tags?post=111805"}],"curies":[{"name":"wp","href":"https:\/\/api.w.org\/{rel}","templated":true}]}}