{"id":111809,"date":"2021-02-22T10:57:51","date_gmt":"2021-02-22T15:57:51","guid":{"rendered":"https:\/\/linitiative.ca\/International\/coronavirus-le-vaccin-pfizer-reduirait-considerablement-les-risques-de-transmission-du-virus\/"},"modified":"2021-02-22T10:57:51","modified_gmt":"2021-02-22T15:57:51","slug":"coronavirus-le-vaccin-pfizer-reduirait-considerablement-les-risques-de-transmission-du-virus","status":"publish","type":"post","link":"https:\/\/linitiative.ca\/International\/coronavirus-le-vaccin-pfizer-reduirait-considerablement-les-risques-de-transmission-du-virus\/","title":{"rendered":"Coronavirus :  le vaccin Pfizer r\u00e9duirait consid\u00e9rablement les risques de transmission du virus"},"content":{"rendered":"<p><strong>Deux r\u00e9centes \u00e9tudes men\u00e9es en Isra\u00ebl montrent que le vaccin Pfizer r\u00e9duit\u00a0les risques d\u2019infection de 89,4% dans les cas asymptomatiques et de 93,7% dans les cas symptomatiques. Les d\u00e9tails.<\/strong><\/p>\n<div class=\"c10\">\n<\/div>\n<p>D\u2019apr\u00e8s les conclusions de deux r\u00e9centes \u00e9tudes men\u00e9es en Isra\u00ebl, le vaccin Pfizer r\u00e9duirait \u00ab\u00a0consid\u00e9rablement la transmission\u00a0\u00bb du coronavirus et les risques de forme grave du Covid-19 chez l\u2019individu vaccin\u00e9. L\u2019une des \u00e9tudes a \u00e9t\u00e9 conjointement men\u00e9e par le minist\u00e8re de la Sant\u00e9 isra\u00e9lien et le laboratoire pharmaceutique. Cette \u00e9tude montre, en effet, que le vaccin d\u00e9velopp\u00e9 par Pfizer et son partenaire allemand BioNTech r\u00e9duit les risques d\u2019infection de 89,4% dans les cas asymptomatiques et de 93,7% dans les cas symptomatiques. Notons que ladite \u00e9tude n\u2019a pas encore \u00e9t\u00e9 \u00e9valu\u00e9e et publi\u00e9e par une revue scientifique et a \u00e9t\u00e9 r\u00e9alis\u00e9e sur la base de donn\u00e9es nationale.<\/p>\n<p><strong>Lire aussi|<a href=\"https:\/\/www.challenge.ma\/mediateur-du-royaume-les-recommandes-phares-du-dernier-rapport-175929\/\">M\u00e9diateur du Royaume : les recommandations phares du dernier rapport<\/a><\/strong><\/p>\n<p>Elle a notamment port\u00e9 sur des donn\u00e9es recueillies entre le 17 janvier et le 6 f\u00e9vrier aupr\u00e8s de personnes ayant re\u00e7u les deux doses du vaccin Pfizer. La seconde \u00e9tude, elle, a \u00e9t\u00e9 r\u00e9alis\u00e9e par le centre hospitalier isra\u00e9lien Chaim Sheba, et publi\u00e9e le 19 f\u00e9vrier dernier dans la revue m\u00e9dicale The Lancet. Cette seconde \u00e9tude montre que \u00ab\u00a0sur les 7.214 membres du personnel hospitalier ayant re\u00e7u une premi\u00e8re dose de vaccin en janvier, il a \u00e9t\u00e9 observ\u00e9 une r\u00e9duction de 85% des cas symptomatiques de Covid-19 dans les 15 \u00e0 28 jours, avec une r\u00e9duction globale des infections, et de 75% chez les cas asymptomatiques d\u00e9tect\u00e9s par des tests\u00a0\u00bb. Toutefois, on apprend d\u2019autres recherches sont n\u00e9cessaires pour tirer une conclusion d\u00e9finitive, mais que ces \u00e9tudes sont parmi les premi\u00e8res \u00e0 sugg\u00e9rer qu\u2019un vaccin pourrait arr\u00eater la propagation du virus.<\/p>\n<p><strong>Lire aussi|<a href=\"https:\/\/www.challenge.ma\/provinces-du-sud-ces-entreprises-qui-comptent-175751\/\">Provinces du Sud : ces entreprises qui comptent<\/a><\/strong><\/p>\n<p>\u00ab\u00a0Qu\u2019il s\u2019agisse d\u2019une r\u00e9duction de 75 ou 90%, peu importe, il s\u2019agit d\u2019une baisse importante de la transmission. Cela signifie que non seulement l\u2019individu vaccin\u00e9 est prot\u00e9g\u00e9, mais que l\u2019inoculation prot\u00e8ge \u00e9galement son environnement\u00a0\u00bb, a fait remarquer Michal Linial, professeur de biologie mol\u00e9culaire \u00e0 l\u2019Universit\u00e9 h\u00e9bra\u00efque de J\u00e9rusalem.\u00a0Notons que les chercheurs ont estim\u00e9 qu\u2019il est encore n\u00e9cessaire d\u2019\u00e9tudier davantage la transmission asymptomatique chez les personnes enti\u00e8rement vaccin\u00e9es, puisqu\u2019elles ont moins de chances d\u2019\u00eatre test\u00e9es pour le Covid-19.<\/p>\n<p>Auteur: challenge<br \/>\n<a href=\"https:\/\/www.challenge.ma\/coronavirus-le-vaccin-pfizer-reduirait-considerablement-les-risques-de-transmission-du-virus-176043\/\">Cliquez ici pour lire l&rsquo;article depuis sa source.<\/a><\/p>\n","protected":false},"excerpt":{"rendered":"<p>Deux r\u00e9centes \u00e9tudes men\u00e9es en Isra\u00ebl montrent que le vaccin Pfizer r\u00e9duit\u00a0les risques d\u2019infection de 89,4% dans les cas asymptomatiques et de 93,7% dans les cas symptomatiques. Les d\u00e9tails. D\u2019apr\u00e8s les conclusions de deux r\u00e9centes \u00e9tudes men\u00e9es en Isra\u00ebl, le vaccin Pfizer r\u00e9duirait \u00ab\u00a0consid\u00e9rablement la transmission\u00a0\u00bb du coronavirus et les risques de forme grave du [&hellip;]<\/p>\n","protected":false},"author":1787,"featured_media":0,"comment_status":"closed","ping_status":"closed","sticky":false,"template":"","format":"standard","meta":{"fifu_image_url":"","fifu_image_alt":"","footnotes":""},"categories":[78,54],"tags":[],"class_list":["post-111809","post","type-post","status-publish","format-standard","hentry","category-economie","category-maroc"],"_links":{"self":[{"href":"https:\/\/linitiative.ca\/International\/wp-json\/wp\/v2\/posts\/111809","targetHints":{"allow":["GET"]}}],"collection":[{"href":"https:\/\/linitiative.ca\/International\/wp-json\/wp\/v2\/posts"}],"about":[{"href":"https:\/\/linitiative.ca\/International\/wp-json\/wp\/v2\/types\/post"}],"author":[{"embeddable":true,"href":"https:\/\/linitiative.ca\/International\/wp-json\/wp\/v2\/users\/1787"}],"replies":[{"embeddable":true,"href":"https:\/\/linitiative.ca\/International\/wp-json\/wp\/v2\/comments?post=111809"}],"version-history":[{"count":0,"href":"https:\/\/linitiative.ca\/International\/wp-json\/wp\/v2\/posts\/111809\/revisions"}],"wp:attachment":[{"href":"https:\/\/linitiative.ca\/International\/wp-json\/wp\/v2\/media?parent=111809"}],"wp:term":[{"taxonomy":"category","embeddable":true,"href":"https:\/\/linitiative.ca\/International\/wp-json\/wp\/v2\/categories?post=111809"},{"taxonomy":"post_tag","embeddable":true,"href":"https:\/\/linitiative.ca\/International\/wp-json\/wp\/v2\/tags?post=111809"}],"curies":[{"name":"wp","href":"https:\/\/api.w.org\/{rel}","templated":true}]}}