{"id":111811,"date":"2021-02-22T15:02:55","date_gmt":"2021-02-22T20:02:55","guid":{"rendered":"https:\/\/linitiative.ca\/International\/coronavirus-le-maroc-suspend-ses-liaisons-aeriennes-avec-la-suisse-et-la-turquie\/"},"modified":"2021-02-22T15:02:55","modified_gmt":"2021-02-22T20:02:55","slug":"coronavirus-le-maroc-suspend-ses-liaisons-aeriennes-avec-la-suisse-et-la-turquie","status":"publish","type":"post","link":"https:\/\/linitiative.ca\/International\/coronavirus-le-maroc-suspend-ses-liaisons-aeriennes-avec-la-suisse-et-la-turquie\/","title":{"rendered":"Coronavirus :  le Maroc suspend ses liaisons a\u00e9riennes avec la Suisse et la Turquie"},"content":{"rendered":"<p><strong>Le Maroc suspend ses liaisons a\u00e9riennes avec la Turquie et la Suisse jusqu\u2019\u00e0 nouvel ordre. Les d\u00e9tails.\u00a0<\/strong><\/p>\n<div class=\"c10\">\n<\/div>\n<p>Les ambassades de ces deux pays ont annonc\u00e9 le 22 f\u00e9vrier via leurs pages sur les r\u00e9seaux sociaux que le gouvernement marocain a d\u00e9cid\u00e9 de suspendre toutes liaisons a\u00e9riennes avec leurs pays respectifs. \u00ab\u00a0Tous les vols de et vers la Suisse \u00e0 destination et en provenance du Maroc sont temporairement suspendus par d\u00e9cision des autorit\u00e9s marocaines \u00e0 partir de ce jour 22 f\u00e9vrier \u00e0 minuit. Cette d\u00e9cision sera \u00e9valu\u00e9e tous les 15 jours\u00a0\u00bb, a annonc\u00e9 l\u2019ambassade.<\/p>\n<p><strong>Lire aussi| <a href=\"https:\/\/www.challenge.ma\/?p=176070&amp;preview=true&amp;_thumbnail_id=137918\">Banques de projets industriels : 52 conventions d\u2019investissement sign\u00e9es<\/a><\/strong><\/p>\n<p>Pour sa part, l\u2019ambassade de Turquie \u00e0 Rabat a aussi indiqu\u00e9 via ses canaux officiels que \u00ab\u00a0le gouvernement marocain a pris la d\u00e9cision de suspendre les liaisons a\u00e9riennes avec la Turquie\u00a0\u00bb en raison de la situation \u00e9pid\u00e9miologique dans ce pays.\u00a0<\/p>\n<p><strong>Lire aussi| <a href=\"https:\/\/www.challenge.ma\/relance-post-covid-19-un-nouveau-produit-etatique-inedit-pour-les-entreprises-marocaines-176034\/\">Relance post-Covid-19 : un nouveau produit \u00e9tatique in\u00e9dit pour les entreprises marocaines<\/a><\/strong><\/p>\n<p>Auteur: challenge<br \/>\n<a href=\"https:\/\/www.challenge.ma\/coronavirus-le-maroc-suspend-ses-liaisons-aeriennes-avec-la-suisse-et-la-turquie-176075\/\">Cliquez ici pour lire l&rsquo;article depuis sa source.<\/a><\/p>\n","protected":false},"excerpt":{"rendered":"<p>Le Maroc suspend ses liaisons a\u00e9riennes avec la Turquie et la Suisse jusqu\u2019\u00e0 nouvel ordre. Les d\u00e9tails.\u00a0 Les ambassades de ces deux pays ont annonc\u00e9 le 22 f\u00e9vrier via leurs pages sur les r\u00e9seaux sociaux que le gouvernement marocain a d\u00e9cid\u00e9 de suspendre toutes liaisons a\u00e9riennes avec leurs pays respectifs. \u00ab\u00a0Tous les vols de et [&hellip;]<\/p>\n","protected":false},"author":1787,"featured_media":0,"comment_status":"closed","ping_status":"closed","sticky":false,"template":"","format":"standard","meta":{"fifu_image_url":"","fifu_image_alt":"","footnotes":""},"categories":[78,54],"tags":[],"class_list":["post-111811","post","type-post","status-publish","format-standard","hentry","category-economie","category-maroc"],"_links":{"self":[{"href":"https:\/\/linitiative.ca\/International\/wp-json\/wp\/v2\/posts\/111811","targetHints":{"allow":["GET"]}}],"collection":[{"href":"https:\/\/linitiative.ca\/International\/wp-json\/wp\/v2\/posts"}],"about":[{"href":"https:\/\/linitiative.ca\/International\/wp-json\/wp\/v2\/types\/post"}],"author":[{"embeddable":true,"href":"https:\/\/linitiative.ca\/International\/wp-json\/wp\/v2\/users\/1787"}],"replies":[{"embeddable":true,"href":"https:\/\/linitiative.ca\/International\/wp-json\/wp\/v2\/comments?post=111811"}],"version-history":[{"count":0,"href":"https:\/\/linitiative.ca\/International\/wp-json\/wp\/v2\/posts\/111811\/revisions"}],"wp:attachment":[{"href":"https:\/\/linitiative.ca\/International\/wp-json\/wp\/v2\/media?parent=111811"}],"wp:term":[{"taxonomy":"category","embeddable":true,"href":"https:\/\/linitiative.ca\/International\/wp-json\/wp\/v2\/categories?post=111811"},{"taxonomy":"post_tag","embeddable":true,"href":"https:\/\/linitiative.ca\/International\/wp-json\/wp\/v2\/tags?post=111811"}],"curies":[{"name":"wp","href":"https:\/\/api.w.org\/{rel}","templated":true}]}}