{"id":111815,"date":"2021-02-22T15:54:34","date_gmt":"2021-02-22T20:54:34","guid":{"rendered":"https:\/\/linitiative.ca\/International\/tunisie-le-ministere-du-commerce-se-rend-responsable-de-la-situation-de-crise\/"},"modified":"2021-02-22T15:54:34","modified_gmt":"2021-02-22T20:54:34","slug":"tunisie-le-ministere-du-commerce-se-rend-responsable-de-la-situation-de-crise","status":"publish","type":"post","link":"https:\/\/linitiative.ca\/International\/tunisie-le-ministere-du-commerce-se-rend-responsable-de-la-situation-de-crise\/","title":{"rendered":"Tunisie \u2013 Le minist\u00e8re du Commerce se rend responsable de la situation de crise"},"content":{"rendered":"<div class=\"post-cont-in left relative\">\n<div id=\"post-info-wrap\" class=\"left relative post-info-out\">\n<div class=\"post-info-img left relative\"><img loading=\"lazy\" decoding=\"async\" alt=\"\" src=\"https:\/\/secure.gravatar.com\/avatar\/047123be9d5e8513774383916ee72db2?s=50&amp;d=mm&amp;r=g\" srcset=\"https:\/\/secure.gravatar.com\/avatar\/047123be9d5e8513774383916ee72db2?s=100&amp;d=mm&amp;r=g 2x\" class=\"avatar avatar-50 photo\" height=\"50\" width=\"50\"\/><\/div>\n<div class=\"post-info-in\">\n<div class=\"post-info-right left relative post-info-name left relative\"><span><span class=\"post-info-text\">Par<\/span> <span class=\"author-name vcard fn author\"><a href=\"https:\/\/www.tunisienumerique.com\/author\/lm\/\" title=\"Articles par LM\" rel=\"author\">LM<\/a><\/span><\/span> <span class=\"post-date updated\"><time class=\"post-date updated\" datetime=\"2021-02-22\">\u00a0| Il y a 1 heure<\/time><\/span><br \/>\n<meta itemprop=\"dateModified\" content=\"2021-02-22\"\/><\/div>\n<div class=\"left relative\"><button id=\"listenButton1\" class=\"responsivevoice-button\" type=\"button\" value=\"Play\" title=\"\u00c9coutez l'article\"><span>\ud83d\udd0a \u00c9coutez l&rsquo;article<\/span><\/button>\n<\/div>\n<\/div>\n<\/div>\n<p>La crise \u00e9conomique et sociale bat son plein en Tunisie et le pouvoir d\u2019achat du tunisien est, s\u00e9rieusement, entam\u00e9.<\/p>\n<div class=\"code-block code-block-1 c4\">\n <ins class=\"adsbygoogle c3\" data-ad-layout=\"in-article\" data-ad-format=\"fluid\" data-ad-client=\"ca-pub-2102118777505746\" data-ad-slot=\"7301775417\"\/>\n<\/div>\n<p>Cette situation est en train d\u2019exasp\u00e9rer les citoyens qui n\u2019arrivent plus \u00e0 subvenir \u00e0 leurs besoins ni \u00e0 ceux des leurs. Les prix deviennent hors de port\u00e9e et la situation risque de d\u00e9raper d\u2019un instant \u00e0 l\u2019autre.<\/p>\n<p>Renseignements pris, les prix au niveau des march\u00e9s de gros sont, \u00e0 ce que racontent les observateurs, corrects et acceptables, aussi bien au niveau de la vente du producteur qu\u2019\u00e0 celui de l\u2019achat par le d\u00e9taillant.<\/p>\n<p>Cette embellie ne profite, pourtant, pas au consommateur, puisque les prix qu\u2019il trouve chez le d\u00e9taillant sont exorbitants, surtout, en comparaison avec ceux du march\u00e9 du gros.<\/p>\n<p>Cette situation qui menace de tous les d\u00e9rapages n\u2019a pas l\u2019air de d\u00e9ranger les services du minist\u00e8re du Commerce, surtout, ceux du contr\u00f4le des prix, qui de l\u2019avis de tout le monde, sont compl\u00e8tement absents, au niveau des points de vente au d\u00e9tail. Ce qui aurait encourag\u00e9 les d\u00e9taillants \u00e0 multiplier leur marge de b\u00e9n\u00e9fice, de fa\u00e7on abusive.<\/p>\n<p>Une situation qui gagnerait, certainement, \u00e0 \u00eatre rattrap\u00e9e, surtout, en cette veille du mois saint de Ramadan, car si elle perdure, elle risque de causer beaucoup plus d\u2019ennuis que de simples rondes de contr\u00f4le des prix.<\/p>\n<p>A bon entendeur\u00a0!<\/p>\n<div class=\"swp_social_panel swp_horizontal_panel swp_flat_fresh swp_default_full_color swp_individual_full_color swp_other_full_color scale-100 scale-\" data-min-width=\"1100\" data-float-color=\"#ffffff\" data-float=\"bottom\" data-float-mobile=\"bottom\" data-transition=\"slide\">\n<div class=\"nc_tweetContainer swp_share_button total_shares total_sharesalt\"><span class=\"swp_count\">4 <span class=\"swp_label\">Partages<\/span><\/span><\/div>\n<\/div>\n<p><strong>Que se passe-t-il en Tunisie?<\/strong><br \/>Nous expliquons sur notre <a href=\"https:\/\/www.youtube.com\/channel\/UCRzypVq0B_yBad5eGrwBx0Q?sub_confirmation=1\" target=\"_blank\" rel=\"noopener\">cha\u00eene YouTube<\/a> . <a href=\"https:\/\/www.youtube.com\/channel\/UCRzypVq0B_yBad5eGrwBx0Q?sub_confirmation=1\" target=\"_blank\" rel=\"noopener\">Abonnez-vous!<\/a><\/p>\n<div class=\"mvp-org-wrap\" itemprop=\"publisher\">\n<div class=\"mvp-org-logo\" itemprop=\"logo\"><img decoding=\"async\" src=\"https:\/\/www.tunisienumerique.com\/wp-content\/uploads\/2017\/02\/logo_tunisie_numerique.png\"\/><br \/>\n<meta itemprop=\"url\" content=\"https:\/\/www.tunisienumerique.com\/wp-content\/uploads\/2017\/02\/logo_tunisie_numerique.png\"\/><\/div>\n<p><meta content=\"Tunisie Num\u00e9rique\"\/><\/div>\n<div class=\"mvp-related-posts left relative\">\n<h4 class=\"post-header\"><span class=\"post-header\">Lire aussi<\/span><\/h4>\n<\/div>\n<div id=\"article-ad\">\n <ins class=\"adsbygoogle c5\" data-ad-client=\"ca-pub-2102118777505746\" data-ad-slot=\"6513972734\" data-ad-format=\"auto\" data-full-width-responsive=\"true\"\/>\n<\/div>\n<\/div>\n<div id=\"post-sidebar-wrap\">\n <ins class=\"adsbygoogle c5\" data-ad-client=\"ca-pub-2102118777505746\" data-ad-slot=\"6168283410\" data-ad-format=\"auto\" data-full-width-responsive=\"true\"\/>\n<\/div>\n<p>Auteur: LM<br \/>\n<a href=\"https:\/\/www.tunisienumerique.com\/tunisie-le-ministere-du-commerce-se-rend-responsable-de-la-situation-de-crise\/\">Cliquez ici pour lire l&rsquo;article depuis sa source.<\/a><\/p>\n","protected":false},"excerpt":{"rendered":"<p>Par LM \u00a0| Il y a 1 heure \ud83d\udd0a \u00c9coutez l&rsquo;article La crise \u00e9conomique et sociale bat son plein en Tunisie et le pouvoir d\u2019achat du tunisien est, s\u00e9rieusement, entam\u00e9. Cette situation est en train d\u2019exasp\u00e9rer les citoyens qui n\u2019arrivent plus \u00e0 subvenir \u00e0 leurs besoins ni \u00e0 ceux des leurs. Les prix deviennent hors [&hellip;]<\/p>\n","protected":false},"author":1789,"featured_media":0,"comment_status":"closed","ping_status":"closed","sticky":false,"template":"","format":"standard","meta":{"fifu_image_url":"https:\/\/secure.gravatar.com\/avatar\/047123be9d5e8513774383916ee72db2?s=50&d=mm&r=g","fifu_image_alt":"Tunisie \u2013 Le minist\u00e8re du Commerce se rend responsable de la situation de crise","footnotes":""},"categories":[73,55],"tags":[],"class_list":["post-111815","post","type-post","status-publish","format-standard","hentry","category-actualite","category-tunisie"],"_links":{"self":[{"href":"https:\/\/linitiative.ca\/International\/wp-json\/wp\/v2\/posts\/111815","targetHints":{"allow":["GET"]}}],"collection":[{"href":"https:\/\/linitiative.ca\/International\/wp-json\/wp\/v2\/posts"}],"about":[{"href":"https:\/\/linitiative.ca\/International\/wp-json\/wp\/v2\/types\/post"}],"author":[{"embeddable":true,"href":"https:\/\/linitiative.ca\/International\/wp-json\/wp\/v2\/users\/1789"}],"replies":[{"embeddable":true,"href":"https:\/\/linitiative.ca\/International\/wp-json\/wp\/v2\/comments?post=111815"}],"version-history":[{"count":0,"href":"https:\/\/linitiative.ca\/International\/wp-json\/wp\/v2\/posts\/111815\/revisions"}],"wp:attachment":[{"href":"https:\/\/linitiative.ca\/International\/wp-json\/wp\/v2\/media?parent=111815"}],"wp:term":[{"taxonomy":"category","embeddable":true,"href":"https:\/\/linitiative.ca\/International\/wp-json\/wp\/v2\/categories?post=111815"},{"taxonomy":"post_tag","embeddable":true,"href":"https:\/\/linitiative.ca\/International\/wp-json\/wp\/v2\/tags?post=111815"}],"curies":[{"name":"wp","href":"https:\/\/api.w.org\/{rel}","templated":true}]}}