{"id":111820,"date":"2021-02-22T14:47:26","date_gmt":"2021-02-22T19:47:26","guid":{"rendered":"https:\/\/linitiative.ca\/International\/transition-politique-au-mali-le-m5-reclame-toujours-sa-part-du-gateau\/"},"modified":"2021-02-22T14:47:26","modified_gmt":"2021-02-22T19:47:26","slug":"transition-politique-au-mali-le-m5-reclame-toujours-sa-part-du-gateau","status":"publish","type":"post","link":"https:\/\/linitiative.ca\/International\/transition-politique-au-mali-le-m5-reclame-toujours-sa-part-du-gateau\/","title":{"rendered":"TRANSITION POLITIQUE AU MALI : Le M5 r\u00e9clame toujours sa part du g\u00e2teau"},"content":{"rendered":"<p class=\"c4\">Six mois apr\u00e8s la chute du pr\u00e9sident Ibrahim Boubacar K\u00e9ita (IBK), le M5 qui avait fait parler de lui, jaugeait ses forces \u00e0 Bamako, le week-end \u00e9coul\u00e9. D\u00e9sormais en croisade contre les putschistes du 18 ao\u00fbt dernier,\u00a0 les contestataires du natif de Koutiala sont\u00a0 toujours accroch\u00e9s aux basques de la junte militaire qu\u2019ils accusent d\u2019avoir balay\u00e9 la maison IBK pour mieux s\u2019y installer par une mainmise sur la Transition. Aussi veulent-ils s\u2019\u00e9riger en rectificateurs d\u2019une Transition fortement pench\u00e9e comme la Tour de Pise \u00e0 leurs yeux,\u00a0 en demandant non seulement un <em>\u00ab\u00a0audit des finances publiques et de la dette int\u00e9rieure de l\u2019Etat, audit des institutions de la R\u00e9publique, la Pr\u00e9sidence, l\u2019Assembl\u00e9e nationale et toutes les autres institutions\u00a0<\/em>\u00bb, mais aussi la dissolution pure et simple du Conseil national de la transition (CNT), l\u2019organe l\u00e9gislatif. Ils appellent aussi \u00e0 la lib\u00e9ration des personnalit\u00e9s arr\u00eat\u00e9es dans le cadre \u00ab\u00a0<em>d\u2019une tentative de d\u00e9stabilisation de l\u2019Etat<\/em>\u00a0\u00bb.<\/p>\n<p class=\"c4\">Le moins que l\u2019on puisse dire, c\u2019est que le divorce est consomm\u00e9 entre le M5 et les putschistes de Kati qui se sont confortablement install\u00e9s au c\u0153ur du pouvoir de la Transition, en se hissant, entre autres, aux postes de vice-pr\u00e9sident de la Transition et de pr\u00e9sident du CNT.<\/p>\n<p class=\"c4\"><strong>Konimba Sidib\u00e9 et ses camarades peuvent difficilement convaincre que leurs agitations ne visent pas \u00e0 mettre des b\u00e2tons dans les roues de la Transition<\/strong><\/p>\n<p class=\"c4\">Pourtant, aux premi\u00e8res heures du coup d\u2019Etat qui a renvers\u00e9\u00a0 le pr\u00e9sident IBK s\u00e9rieusement affaibli apr\u00e8s plusieurs mois de manifestations de rue,\u00a0 les premiers avaient applaudi les seconds avant d\u2019\u00eatre d\u00e9sillusionn\u00e9s lors de la mise en place des instances de la Transition o\u00f9 ils n\u2019ont h\u00e9rit\u00e9 que de la portion congrue, au moment o\u00f9 les hommes en treillis se taillaient la part du lion. Ce, au grand dam de la communaut\u00e9 internationale, notamment la CEDEAO qui veillait au grain en exigeant une Transition purement civile, mais qui a d\u00fb faire contre mauvaise fortune bon c\u0153ur en desserrant l\u2019\u00e9tau des sanctions et de l\u2019embargo contre le pays, en raison du soutien manifeste des populations maliennes y compris le M5, \u00e0 l\u2019endroit des tombeurs de <em>Kank\u00e9l\u00e9tigui<\/em>. \u00a0De l\u00e0 \u00e0 penser que les hommes en kaki de Kati ont opportun\u00e9ment ramass\u00e9 \u00e0 terre le fruit d\u2019un arbre qu\u2019ils n\u2019ont pas secou\u00e9, il y a un\u00a0 pas que les \u00ab<em>\u00a0M-cinquistes<\/em>\u00a0\u00bb qui \u00e9taient le fer de lance de la fronde anti-IBK, ont vite fait de franchir. Et on peut les comprendre sans pour autant les plaindre, tant le d\u00e9sint\u00e9r\u00eat du pouvoir manifest\u00e9 par la soldatesque au lendemain du coup de force contre les institutions de la R\u00e9publique, a \u00e9t\u00e9 largement d\u00e9menti par la suite des \u00e9v\u00e9nements.\u00a0 Et le M5 a d\u2019autant plus de raisons d\u2019\u00eatre amer qu\u2019il a \u00e9t\u00e9 pratiquement mis \u00e0 l\u2019\u00e9cart de la gestion du pouvoir d\u2019Etat d\u2019une Transition qui, \u00e0 ses yeux, devait lui revenir de droit. C\u2019est pourquoi, aussi pertinentes et justifi\u00e9es que soient leurs revendications, Konimba Sidib\u00e9 et ses camarades qui sont d\u00e9sormais orphelins du soutien de l\u2019embl\u00e9matique imam Mahmoud Dicko \u00a0et qui se placent, pour ainsi dire, d\u00e9sormais en vigies de la Transition, peuvent difficilement convaincre que leurs agitations ne visent pas \u00e0 mettre des b\u00e2tons dans les roues de la Transition. Ce, pour avoir \u00e9t\u00e9 pay\u00e9s en monnaie de singe, c\u2019est-\u00e0-dire largement en de\u00e7\u00e0 de leur engagement dans la chute de <em>Kank\u00e9l\u00e9tigui<\/em>.<\/p>\n<p class=\"c4\"><strong>Le M5 se tromperait lourdement, s\u2019il cherchait \u00e0 faire l\u2019\u00e2ne pour avoir du foin<\/strong><\/p>\n<p class=\"c4\">Autrement dit, on peut avoir le sentiment que le M5 r\u00e9clame toujours sa part du g\u00e2teau. Et la \u00ab\u00a0<em>d\u00e9monstration de force<\/em>\u00a0\u00bb du week-end dernier, selon leurs propres mots, \u00a0pour \u00ab\u00a0<em>montrer aux gens que le M5 existe bel et bien<\/em>\u00a0\u00bb, peut \u00eatre per\u00e7ue comme une fa\u00e7on, pour ce mouvement visiblement en perte de vitesse compte tenu de la faible mobilisation, de se rappeler au bon souvenir d\u2019une junte militaire qui semble avoir minimis\u00e9 son poids politique dans la conduite de la Transition.\u00a0 Mais ce faisant, on se demande si le M5 ne se trompe pas de combat. Car, si \u00e0 d\u00e9faut, par exemple, de la lib\u00e9ration pure et simple des personnalit\u00e9s soup\u00e7onn\u00e9es de <em>\u00ab\u00a0tentative de d\u00e9stabilisation de l\u2019Etat\u00a0<\/em>\u00bb, l\u2019acc\u00e9l\u00e9ration du traitement de leur\u00a0 dossier judiciaire peut s\u2019imposer comme une n\u00e9cessit\u00e9 en vue de la d\u00e9crispation, en revanche, l\u2019on comprend moins la demande de dissolution du CNT qui ne manquerait pas de \u00a0mettre un coup de frein \u00e0 l\u2019avanc\u00e9e d\u2019une Transition que personne ne souhaite voir aller au-del\u00e0 des 18 mois pr\u00e9vus.\u00a0 Et puis, la Transition n\u2019a pas vocation \u00e0 r\u00e9soudre tous les probl\u00e8mes du Mali, mais bien de conduire principalement le pays \u00e0 des \u00e9lections libres et transparentes pour un retour le plus vite possible \u00e0 l\u2019ordre constitutionnel normal. Bien entendu, cela n\u2019est pas non plus une raison, pour les nouvelles autorit\u00e9s de Bamako,\u00a0 pour ne pas montrer patte blanche. C\u2019est pourquoi la Transition doit travailler \u00e0 rassurer les Maliens\u00a0: d\u2019abord par une gouvernance vertueuse, ensuite par son attachement \u00e0 la feuille de route trac\u00e9e de commun accord.<\/p>\n<p class=\"c4\">En tout \u00e9tat de cause, le M5 se tromperait lourdement, s\u2019il cherchait \u00e0 faire l\u2019\u00e2ne pour avoir du foin. Aussi doit-il cesser de donner le sentiment de chercher par tous les moyens des raccourcis pour se rapprocher de la mangeoire. Car, le v\u00e9ritable enjeu de l\u2019heure est de travailler \u00e0 se positionner pour les \u00e9lections \u00e0 venir, en vue de chercher la l\u00e9gitimit\u00e9 du peuple \u00e0 travers les urnes.<\/p>\n<p class=\"c4\"><strong>\u00a0<\/strong><\/p>\n<p class=\"c4\"><strong><em>\u00a0\u00ab\u00a0Le Pays\u00a0\u00bb<\/em><\/strong><\/p>\n<p class=\"c4\"><strong>\u00a0<\/strong><\/p>\n<p class=\"c4\"><strong>\u00a0<\/strong><\/p>\n<p>Auteur: Le Pays<br \/>\n<a href=\"https:\/\/lepays.bf\/transition-politique-au-mali-le-m5-reclame-toujours-sa-part-du-gateau\/\">Cliquez ici pour lire l&rsquo;article depuis sa source.<\/a><\/p>\n","protected":false},"excerpt":{"rendered":"<p>Six mois apr\u00e8s la chute du pr\u00e9sident Ibrahim Boubacar K\u00e9ita (IBK), le M5 qui avait fait parler de lui, jaugeait ses forces \u00e0 Bamako, le week-end \u00e9coul\u00e9. D\u00e9sormais en croisade contre les putschistes du 18 ao\u00fbt dernier,\u00a0 les contestataires du natif de Koutiala sont\u00a0 toujours accroch\u00e9s aux basques de la junte militaire qu\u2019ils accusent d\u2019avoir [&hellip;]<\/p>\n","protected":false},"author":1813,"featured_media":0,"comment_status":"closed","ping_status":"closed","sticky":false,"template":"","format":"standard","meta":{"fifu_image_url":"","fifu_image_alt":"","footnotes":""},"categories":[73,81],"tags":[],"class_list":["post-111820","post","type-post","status-publish","format-standard","hentry","category-actualite","category-burkina-faso"],"_links":{"self":[{"href":"https:\/\/linitiative.ca\/International\/wp-json\/wp\/v2\/posts\/111820","targetHints":{"allow":["GET"]}}],"collection":[{"href":"https:\/\/linitiative.ca\/International\/wp-json\/wp\/v2\/posts"}],"about":[{"href":"https:\/\/linitiative.ca\/International\/wp-json\/wp\/v2\/types\/post"}],"author":[{"embeddable":true,"href":"https:\/\/linitiative.ca\/International\/wp-json\/wp\/v2\/users\/1813"}],"replies":[{"embeddable":true,"href":"https:\/\/linitiative.ca\/International\/wp-json\/wp\/v2\/comments?post=111820"}],"version-history":[{"count":0,"href":"https:\/\/linitiative.ca\/International\/wp-json\/wp\/v2\/posts\/111820\/revisions"}],"wp:attachment":[{"href":"https:\/\/linitiative.ca\/International\/wp-json\/wp\/v2\/media?parent=111820"}],"wp:term":[{"taxonomy":"category","embeddable":true,"href":"https:\/\/linitiative.ca\/International\/wp-json\/wp\/v2\/categories?post=111820"},{"taxonomy":"post_tag","embeddable":true,"href":"https:\/\/linitiative.ca\/International\/wp-json\/wp\/v2\/tags?post=111820"}],"curies":[{"name":"wp","href":"https:\/\/api.w.org\/{rel}","templated":true}]}}