{"id":111821,"date":"2021-02-22T15:11:53","date_gmt":"2021-02-22T20:11:53","guid":{"rendered":"https:\/\/linitiative.ca\/International\/promotion-des-energies-renouvelables-mousstakbal-negoce-a-un-nouveau-siege\/"},"modified":"2021-02-22T15:11:53","modified_gmt":"2021-02-22T20:11:53","slug":"promotion-des-energies-renouvelables-mousstakbal-negoce-a-un-nouveau-siege","status":"publish","type":"post","link":"https:\/\/linitiative.ca\/International\/promotion-des-energies-renouvelables-mousstakbal-negoce-a-un-nouveau-siege\/","title":{"rendered":"Promotion des \u00e9nergies renouvelables   : Mousstakbal N\u00e9goce a un nouveau si\u00e8ge"},"content":{"rendered":"<div class=\"td-post-featured-image\"><a href=\"https:\/\/www.sidwaya.info\/wp-content\/uploads\/2021\/02\/1-43.jpg\" data-caption=\"\"><img loading=\"lazy\" decoding=\"async\" width=\"595\" height=\"447\" class=\"entry-thumb td-modal-image\" src=\"https:\/\/www.sidwaya.info\/wp-content\/uploads\/2021\/02\/1-43.jpg\" srcset=\"https:\/\/www.sidwaya.info\/wp-content\/uploads\/2021\/02\/1-43.jpg 595w, https:\/\/www.sidwaya.info\/wp-content\/uploads\/2021\/02\/1-43-300x225.jpg 300w, https:\/\/www.sidwaya.info\/wp-content\/uploads\/2021\/02\/1-43-150x113.jpg 150w, https:\/\/www.sidwaya.info\/wp-content\/uploads\/2021\/02\/1-43-559x420.jpg 559w, https:\/\/www.sidwaya.info\/wp-content\/uploads\/2021\/02\/1-43-80x60.jpg 80w, https:\/\/www.sidwaya.info\/wp-content\/uploads\/2021\/02\/1-43-265x198.jpg 265w\" sizes=\"auto, (max-width: 595px) 100vw, 595px\" alt=\"\" title=\"1\"\/><\/a><\/div>\n<p><strong>L\u2019entreprise Mousstakbal N\u00e9goce a inaugur\u00e9 son nouveau si\u00e8ge, le vendredi 19 f\u00e9vrier 2021, \u00e0 Ouagadougou, pour promouvoir l\u2019efficacit\u00e9 \u00e9nerg\u00e9tique et les \u00e9nergies renouvelables.<\/strong><\/p>\n<p>Mousstakbal N\u00e9goce, entreprise d\u2019\u00e9tudes, de maintenance et de r\u00e9alisation dans le solaire, l\u2019\u00e9lectricit\u00e9-b\u00e2timent et industrielle, cr\u00e9\u00e9e en 2010, a un nouveau si\u00e8ge. Le joyau a \u00e9t\u00e9 inaugur\u00e9, le vendredi 19 f\u00e9vrier 2021, \u00e0 Ouagadougou, dans le but de promouvoir l\u2019efficacit\u00e9 \u00e9nerg\u00e9tique et les \u00e9nergies renouvelables. Selon le Manager de l\u2019entreprise, Rasman\u00e9 Sanfo, Mousstakbal N\u00e9goce couvre les domaines de l\u2019\u00e9nergie, de l\u2019audit \u00e9nerg\u00e9tique, des syst\u00e8mes solaires photovolta\u00efques isol\u00e9s ou raccord\u00e9s au r\u00e9seau, des syst\u00e8mes solaires thermiques, du pompage solaire, de la climatisation, de l\u2019\u00e9lectrification rurale et de l\u2019\u00e9clairage public. Il a fait savoir que l\u2019entreprise a, \u00e0 son actif, entre autres, la r\u00e9alisation de 6,5 M\u00e9gawatts (MW) d\u2019installation photovolta\u00efque au Burkina Faso et poss\u00e8de des outils \u00e9nerg\u00e9tiques. \u00ab Nous mettons \u00e0 la disposition de notre client\u00e8le des \u00e9quipements all in one de 30 kW \u00e0 100 kW, organisons des formations dans le domaine de l\u2019\u00e9nergie solaire et accompagnons des structures qui souhaitent b\u00e9n\u00e9ficier de nos services \u00bb, a-t-il indiqu\u00e9. Le ministre de l\u2019Energie, des Mines et des Carri\u00e8res, Bachir Isma\u00ebl Ou\u00e9draogo, a expliqu\u00e9 que l\u2019\u00e9nergie solaire est au c\u0153ur du d\u00e9veloppement au Burkina Faso qui poss\u00e8de un avantage compar\u00e9 aux pays de la sous-r\u00e9gion.<\/p>\n<p>\u00ab Nous importons pratiquement 55 \u00e0 60% de notre \u00e9lectricit\u00e9 de la sous-r\u00e9gion. Cependant, nous avons un potentiel \u00e9norme d\u2019\u00e9nergie solaire puisque nous avons le meilleur ensoleillement en Afrique de l\u2019Ouest et co\u00fbt du kilowattheure (kWh). Quand nous prenons le co\u00fbt du kWh venant du solaire, il est divis\u00e9 par deux, compar\u00e9 \u00e0 l\u2019\u00e9nergie thermique \u00bb, a-t-il confi\u00e9. A l\u2019\u00e9couter, le Burkina Faso, pour parvenir au d\u00e9veloppement durable avec l\u2019\u00e9nergie solaire, devra prendre en compte le secteur priv\u00e9. \u00ab Nous ne pouvons pas y arriver sans le secteur priv\u00e9 parce qu\u2019il innove et cr\u00e9e les opportunit\u00e9s de business qui ouvrent la voie \u00e0 l\u2019emploi et la richesse \u00bb, a-t-il not\u00e9. Le ministre en charge de l\u2019energie a insist\u00e9 sur le fait que le gouvernement doit accompagner et encourager le secteur priv\u00e9 \u00e0 promouvoir les \u00e9nergies renouvelables, notamment le solaire.<\/p>\n<p class=\"c1\"><strong>Lati Fatou TARBANGDO<\/strong><\/p>\n<div class=\"td-a-rec td-a-rec-id-content_bottom tdi_33_446 td_block_template_1\">\n<p><img loading=\"lazy\" decoding=\"async\" class=\"aligncenter size-full wp-image-27454\" src=\"https:\/\/www.sidwaya.info\/wp-content\/uploads\/2020\/10\/PUB-Bandeau-paiement-mobile-siteweb.jpg\" alt=\"\" width=\"728\" height=\"90\"\/><\/div>\n<p>Auteur: BM. Sidwaya<br \/>\n<a href=\"https:\/\/www.sidwaya.info\/blog\/2021\/02\/22\/promotion-des-energies-renouvelables-mousstakbal-negoce-a-un-nouveau-siege\/\">Cliquez ici pour lire l&rsquo;article depuis sa source.<\/a><\/p>\n","protected":false},"excerpt":{"rendered":"<p>L\u2019entreprise Mousstakbal N\u00e9goce a inaugur\u00e9 son nouveau si\u00e8ge, le vendredi 19 f\u00e9vrier 2021, \u00e0 Ouagadougou, pour promouvoir l\u2019efficacit\u00e9 \u00e9nerg\u00e9tique et les \u00e9nergies renouvelables. Mousstakbal N\u00e9goce, entreprise d\u2019\u00e9tudes, de maintenance et de r\u00e9alisation dans le solaire, l\u2019\u00e9lectricit\u00e9-b\u00e2timent et industrielle, cr\u00e9\u00e9e en 2010, a un nouveau si\u00e8ge. Le joyau a \u00e9t\u00e9 inaugur\u00e9, le vendredi 19 f\u00e9vrier 2021, [&hellip;]<\/p>\n","protected":false},"author":1816,"featured_media":0,"comment_status":"closed","ping_status":"closed","sticky":false,"template":"","format":"standard","meta":{"fifu_image_url":"https:\/\/www.sidwaya.info\/wp-content\/uploads\/2021\/02\/1-43.jpg","fifu_image_alt":"Promotion des \u00e9nergies renouvelables   : Mousstakbal N\u00e9goce a un nouveau si\u00e8ge","footnotes":""},"categories":[73,81],"tags":[],"class_list":["post-111821","post","type-post","status-publish","format-standard","hentry","category-actualite","category-burkina-faso"],"_links":{"self":[{"href":"https:\/\/linitiative.ca\/International\/wp-json\/wp\/v2\/posts\/111821","targetHints":{"allow":["GET"]}}],"collection":[{"href":"https:\/\/linitiative.ca\/International\/wp-json\/wp\/v2\/posts"}],"about":[{"href":"https:\/\/linitiative.ca\/International\/wp-json\/wp\/v2\/types\/post"}],"author":[{"embeddable":true,"href":"https:\/\/linitiative.ca\/International\/wp-json\/wp\/v2\/users\/1816"}],"replies":[{"embeddable":true,"href":"https:\/\/linitiative.ca\/International\/wp-json\/wp\/v2\/comments?post=111821"}],"version-history":[{"count":0,"href":"https:\/\/linitiative.ca\/International\/wp-json\/wp\/v2\/posts\/111821\/revisions"}],"wp:attachment":[{"href":"https:\/\/linitiative.ca\/International\/wp-json\/wp\/v2\/media?parent=111821"}],"wp:term":[{"taxonomy":"category","embeddable":true,"href":"https:\/\/linitiative.ca\/International\/wp-json\/wp\/v2\/categories?post=111821"},{"taxonomy":"post_tag","embeddable":true,"href":"https:\/\/linitiative.ca\/International\/wp-json\/wp\/v2\/tags?post=111821"}],"curies":[{"name":"wp","href":"https:\/\/api.w.org\/{rel}","templated":true}]}}