{"id":111822,"date":"2021-02-22T15:16:16","date_gmt":"2021-02-22T20:16:16","guid":{"rendered":"https:\/\/linitiative.ca\/International\/acces-a-lenergie-54-milliards-f-cfa-pour-fournir-du-solaire-a-des-menages\/"},"modified":"2021-02-22T15:16:16","modified_gmt":"2021-02-22T20:16:16","slug":"acces-a-lenergie-54-milliards-f-cfa-pour-fournir-du-solaire-a-des-menages","status":"publish","type":"post","link":"https:\/\/linitiative.ca\/International\/acces-a-lenergie-54-milliards-f-cfa-pour-fournir-du-solaire-a-des-menages\/","title":{"rendered":"Acc\u00e8s \u00e0 l\u2019\u00e9nergie : 5,4 milliards F CFA pour fournir  du solaire \u00e0 des m\u00e9nages"},"content":{"rendered":"<div class=\"td-post-featured-image\"><a href=\"https:\/\/www.sidwaya.info\/wp-content\/uploads\/2021\/02\/1-44.jpg\" data-caption=\"\"><img loading=\"lazy\" decoding=\"async\" width=\"595\" height=\"397\" class=\"entry-thumb td-modal-image\" src=\"https:\/\/www.sidwaya.info\/wp-content\/uploads\/2021\/02\/1-44.jpg\" srcset=\"https:\/\/www.sidwaya.info\/wp-content\/uploads\/2021\/02\/1-44.jpg 595w, https:\/\/www.sidwaya.info\/wp-content\/uploads\/2021\/02\/1-44-300x200.jpg 300w, https:\/\/www.sidwaya.info\/wp-content\/uploads\/2021\/02\/1-44-150x100.jpg 150w\" sizes=\"auto, (max-width: 595px) 100vw, 595px\" alt=\"\" title=\"1\"\/><\/a><\/div>\n<p><strong>Le gouvernement burkinab\u00e8 et l\u2019Agence fran\u00e7aise de d\u00e9veloppement (AFD) ont sign\u00e9 le lundi 22 f\u00e9vrier 2021 \u00e0 Ouagadougou, deux accords de financement de projets et programmes dans les secteurs de l\u2019\u00e9nergie et de l\u2019\u00e9ducation. Les deux accords ont une valeur de 9 milliards de FCFA.<\/strong><\/p>\n<p>Le gouvernement burkinab\u00e8 multiplie ses efforts pour fournir de l\u2019\u00e9lectricit\u00e9 \u00e0 moindre co\u00fbt aux populations. A cet effet, le ministre de l\u2019Economie, des Finances et du D\u00e9veloppement, Lassan\u00e9 Kabor\u00e9, a sign\u00e9 le lundi 22 f\u00e9vrier 2021 \u00e0 Ouagadougou une convention avec l\u2019Union europ\u00e9enne (UE) dans le cadre d\u2019un projet intervenant dans le secteur de l\u2019\u00e9nergie. Selon l\u2019ambassadeur de la France au Burkina Faso, Luc Hallade, ce financement d\u2019une valeur de 5,4 milliards de FCFA (8,3 millions d\u2019euros) est un financement additionnel du projet Yeleen. De son avis, il s\u2019inscrit dans le cadre de l\u2019appui de l\u2019Union europ\u00e9enne et de l\u2019Agence fran\u00e7aise de d\u00e9veloppement (AFD) aux politiques publiques du Burkina Faso. Le programme Yeleen vise \u00e0 terme la construction de quatre centrales photovolta\u00efques et d\u2019un dispositif de stockage d\u2019\u00e9nergie solaire, la densification du r\u00e9seau \u00e9lectrique et le d\u00e9veloppement de solutions solaires dans les communes rurales non desservies par la SONABEL. Pour le ministre de l\u2019Energie, des Mines et des Carri\u00e8res, Bachir Isma\u00ebl Ou\u00e9draogo, cette signature de convention permettra \u00e0 son d\u00e9partement de mettre en place un m\u00e9canisme de centrale solaire de pr\u00e8s de 50 m\u00e9gawatts avec 10 m\u00e9gawatt\/heure de stockage. \u00ab\u00a0Avec l\u2019\u00e9nergie solaire, c\u2019est une opportunit\u00e9 de baisser le Kilowatt\/heure et de d\u00e9centraliser l\u2019\u00e9nergie \u00e0 toute la population du Burkina Faso\u00a0\u00bb, s\u2019est-il r\u00e9joui. Et l\u2019ambassadeur de l\u2019Union europ\u00e9enne aupr\u00e8s du Burkina Faso, Wolfram Vetter, de pr\u00e9ciser que ce sont 165\u00a0000 m\u00e9nages qui sont vis\u00e9s par cette action d\u2019\u00e9nergie solaire.<\/p>\n<p><strong>Des forages pour lutter contre la COVID-19<\/strong><\/p>\n<p>Le second accord de financement d\u2019une valeur de 3,7 milliards F CFA est consacr\u00e9 \u00e0 la r\u00e9ponse \u00e9ducative face \u00e0 la COVID-19. Pour l\u2019ambassadeur de France au Burkina, ce financement traduit l\u2019engagement croissant du Partenariat mondial pour l\u2019\u00e9ducation (PME) et des institutions et pays contributeurs dont la France aux c\u00f4t\u00e9s du pays des Hommes int\u00e8gres pour accompagner la politique \u00e9ducative sur la p\u00e9riode 2018-2023. Selon le ministre de l\u2019Education nationale, de l\u2019Alphab\u00e9tisation et de la Promotion des langues nationales, Stanislas Ouaro, ce fonds servira d\u2019une part \u00e0 la construction des forages dans les \u00e9tablissements scolaires et d\u2019autre part \u00e0 faire face aux cons\u00e9quences de la maladie sur le d\u00e9veloppement de l\u2019\u00e9ducation des filles \u00e0 travers la mise \u00e0 disposition de kits d\u2019hygi\u00e8ne et de savons pour le lavage des mains. A l\u2019\u00e9couter, l\u2019AFD a \u00e9t\u00e9 s\u00e9lectionn\u00e9e comme agence partenaire charg\u00e9e de la mise en \u0153uvre de ce projet. Le ministre en charge des finances, a, au terme de la signature des deux conventions, remerci\u00e9 les partenaires pour leurs \u00ab\u00a0inlassables soutiens\u00a0\u00bb. Il a, par ailleurs, invit\u00e9 les b\u00e9n\u00e9ficiaires \u00e0 une bonne gestion des fonds allou\u00e9s.<\/p>\n<p class=\"c1\"><strong>Abdoulaye BALBONE<\/strong><\/p>\n<div class=\"td-a-rec td-a-rec-id-content_bottom tdi_33_3bf td_block_template_1\">\n<p><img loading=\"lazy\" decoding=\"async\" class=\"aligncenter size-full wp-image-27454\" src=\"https:\/\/www.sidwaya.info\/wp-content\/uploads\/2020\/10\/PUB-Bandeau-paiement-mobile-siteweb.jpg\" alt=\"\" width=\"728\" height=\"90\"\/><\/div>\n<p>Auteur: BM. Sidwaya<br \/>\n<a href=\"https:\/\/www.sidwaya.info\/blog\/2021\/02\/22\/acces-a-lenergie-54-milliards-f-cfa-pour-fournir-du-solaire-a-des-menages\/\">Cliquez ici pour lire l&rsquo;article depuis sa source.<\/a><\/p>\n","protected":false},"excerpt":{"rendered":"<p>Le gouvernement burkinab\u00e8 et l\u2019Agence fran\u00e7aise de d\u00e9veloppement (AFD) ont sign\u00e9 le lundi 22 f\u00e9vrier 2021 \u00e0 Ouagadougou, deux accords de financement de projets et programmes dans les secteurs de l\u2019\u00e9nergie et de l\u2019\u00e9ducation. Les deux accords ont une valeur de 9 milliards de FCFA. Le gouvernement burkinab\u00e8 multiplie ses efforts pour fournir de l\u2019\u00e9lectricit\u00e9 [&hellip;]<\/p>\n","protected":false},"author":1816,"featured_media":0,"comment_status":"closed","ping_status":"closed","sticky":false,"template":"","format":"standard","meta":{"fifu_image_url":"https:\/\/www.sidwaya.info\/wp-content\/uploads\/2021\/02\/1-44.jpg","fifu_image_alt":"Acc\u00e8s \u00e0 l\u2019\u00e9nergie : 5,4 milliards F CFA pour fournir  du solaire \u00e0 des m\u00e9nages","footnotes":""},"categories":[73,81],"tags":[],"class_list":["post-111822","post","type-post","status-publish","format-standard","hentry","category-actualite","category-burkina-faso"],"_links":{"self":[{"href":"https:\/\/linitiative.ca\/International\/wp-json\/wp\/v2\/posts\/111822","targetHints":{"allow":["GET"]}}],"collection":[{"href":"https:\/\/linitiative.ca\/International\/wp-json\/wp\/v2\/posts"}],"about":[{"href":"https:\/\/linitiative.ca\/International\/wp-json\/wp\/v2\/types\/post"}],"author":[{"embeddable":true,"href":"https:\/\/linitiative.ca\/International\/wp-json\/wp\/v2\/users\/1816"}],"replies":[{"embeddable":true,"href":"https:\/\/linitiative.ca\/International\/wp-json\/wp\/v2\/comments?post=111822"}],"version-history":[{"count":0,"href":"https:\/\/linitiative.ca\/International\/wp-json\/wp\/v2\/posts\/111822\/revisions"}],"wp:attachment":[{"href":"https:\/\/linitiative.ca\/International\/wp-json\/wp\/v2\/media?parent=111822"}],"wp:term":[{"taxonomy":"category","embeddable":true,"href":"https:\/\/linitiative.ca\/International\/wp-json\/wp\/v2\/categories?post=111822"},{"taxonomy":"post_tag","embeddable":true,"href":"https:\/\/linitiative.ca\/International\/wp-json\/wp\/v2\/tags?post=111822"}],"curies":[{"name":"wp","href":"https:\/\/api.w.org\/{rel}","templated":true}]}}