{"id":111827,"date":"2021-02-22T07:18:02","date_gmt":"2021-02-22T12:18:02","guid":{"rendered":"https:\/\/linitiative.ca\/International\/rd-congo-lambassadeur-ditalie-tue-dans-une-attaque-a-goma\/"},"modified":"2021-02-22T07:18:02","modified_gmt":"2021-02-22T12:18:02","slug":"rd-congo-lambassadeur-ditalie-tue-dans-une-attaque-a-goma","status":"publish","type":"post","link":"https:\/\/linitiative.ca\/International\/rd-congo-lambassadeur-ditalie-tue-dans-une-attaque-a-goma\/","title":{"rendered":"RD Congo : l\u2019ambassadeur d\u2019Italie tu\u00e9 dans une attaque \u00e0 Goma"},"content":{"rendered":"<div readability=\"32\">\n<p>Publi\u00e9 le 22.02.2021 \u00e0 13h18 par APA News<\/p>\n<\/div>\n<div readability=\"39\">\n<p>L\u2019ambassadeur d\u2019Italie \u00e0 Kinshasa a \u00e9t\u00e9 tu\u00e9 lundi par balles lors d\u2019une attaque arm\u00e9e qui a vis\u00e9 un convoi du Programme alimentaire mondial (PAM) dans l\u2019Est du pays \u00e0 Goma.L\u2019ambassadeur Luca Attanasio \u00ab est d\u00e9c\u00e9d\u00e9 de suite de ses blessures \u00bb, a d\u00e9clar\u00e9 \u00e0 l\u2019AFP une source diplomatique de haut rang \u00e0 Kinshasa. Deux autres personnes ont \u00e9galement \u00e9t\u00e9 tu\u00e9es pendant l\u2019attaque, a indiqu\u00e9 de son c\u00f4t\u00e9 \u00e0 l\u2019AFP le major Guillaume Djike, porte-parole de l\u2019arm\u00e9e dans la r\u00e9gion du Nord-Kivu, sans pr\u00e9ciser l\u2019identit\u00e9 des victimes.<\/p>\n<\/div>\n<p>Auteur: APA News<br \/>\n<a href=\"https:\/\/www.journalducameroun.com\/rd-congo-lambassadeur-ditalie-tue-dans-une-attaque-a-goma\/\">Cliquez ici pour lire l&rsquo;article depuis sa source.<\/a><\/p>\n","protected":false},"excerpt":{"rendered":"<p>Publi\u00e9 le 22.02.2021 \u00e0 13h18 par APA News L\u2019ambassadeur d\u2019Italie \u00e0 Kinshasa a \u00e9t\u00e9 tu\u00e9 lundi par balles lors d\u2019une attaque arm\u00e9e qui a vis\u00e9 un convoi du Programme alimentaire mondial (PAM) dans l\u2019Est du pays \u00e0 Goma.L\u2019ambassadeur Luca Attanasio \u00ab est d\u00e9c\u00e9d\u00e9 de suite de ses blessures \u00bb, a d\u00e9clar\u00e9 \u00e0 l\u2019AFP une source [&hellip;]<\/p>\n","protected":false},"author":1965,"featured_media":0,"comment_status":"closed","ping_status":"closed","sticky":false,"template":"","format":"standard","meta":{"fifu_image_url":"","fifu_image_alt":"","footnotes":""},"categories":[73,82],"tags":[],"class_list":["post-111827","post","type-post","status-publish","format-standard","hentry","category-actualite","category-cameroun"],"_links":{"self":[{"href":"https:\/\/linitiative.ca\/International\/wp-json\/wp\/v2\/posts\/111827","targetHints":{"allow":["GET"]}}],"collection":[{"href":"https:\/\/linitiative.ca\/International\/wp-json\/wp\/v2\/posts"}],"about":[{"href":"https:\/\/linitiative.ca\/International\/wp-json\/wp\/v2\/types\/post"}],"author":[{"embeddable":true,"href":"https:\/\/linitiative.ca\/International\/wp-json\/wp\/v2\/users\/1965"}],"replies":[{"embeddable":true,"href":"https:\/\/linitiative.ca\/International\/wp-json\/wp\/v2\/comments?post=111827"}],"version-history":[{"count":0,"href":"https:\/\/linitiative.ca\/International\/wp-json\/wp\/v2\/posts\/111827\/revisions"}],"wp:attachment":[{"href":"https:\/\/linitiative.ca\/International\/wp-json\/wp\/v2\/media?parent=111827"}],"wp:term":[{"taxonomy":"category","embeddable":true,"href":"https:\/\/linitiative.ca\/International\/wp-json\/wp\/v2\/categories?post=111827"},{"taxonomy":"post_tag","embeddable":true,"href":"https:\/\/linitiative.ca\/International\/wp-json\/wp\/v2\/tags?post=111827"}],"curies":[{"name":"wp","href":"https:\/\/api.w.org\/{rel}","templated":true}]}}