{"id":111828,"date":"2021-02-22T08:37:52","date_gmt":"2021-02-22T13:37:52","guid":{"rendered":"https:\/\/linitiative.ca\/International\/cameroun-etienne-etoo-pineda-tel-pere-quel-fils\/"},"modified":"2021-02-22T08:37:52","modified_gmt":"2021-02-22T13:37:52","slug":"cameroun-etienne-etoo-pineda-tel-pere-quel-fils","status":"publish","type":"post","link":"https:\/\/linitiative.ca\/International\/cameroun-etienne-etoo-pineda-tel-pere-quel-fils\/","title":{"rendered":"Cameroun : Etienne Eto\u2019o Pineda, tel p\u00e8re, quel fils ?"},"content":{"rendered":"<div readability=\"32\">\n<p>Publi\u00e9 le 22.02.2021 \u00e0 14h37 par Emile Zola Nd\u00e9 Tchoussi<\/p>\n<\/div>\n<div readability=\"99\">\n<h2 class=\"c8\"><strong>Le fils de la l\u00e9gende du football camerounais Samuel Eto\u2019o a \u00e9clabouss\u00e9 le match Cameroun-Mozambique (4-1), comptant pour la troisi\u00e8me journ\u00e9e de la Can U20 de tout son talent. Auteur de deux buts et d\u2019une passe d\u00e9cisive, le meneur de jeu des Lionceaux de 18 ans a logiquement \u00e9t\u00e9 d\u00e9sign\u00e9 Homme du Match.<\/strong><strong>\u00a0<\/strong><strong>Le fils a permis aux publics camerounais de se souvenir de son illustre p\u00e8re.<\/strong><\/h2>\n<p class=\"c9\">Align\u00e9 pour la premi\u00e8re fois en match officiel samedi 20 f\u00e9vrier 2021 sous la tunique vert-rouge-jaune \u00e0 la griffe du Lion, <strong>Etienne Eto\u2019o Pineda<\/strong> a re\u00e7u son bapt\u00eame du feu. D\u00e9j\u00e0 qualifi\u00e9 apr\u00e8s deux victoires contre la <strong>Mauritanie<\/strong> et l\u2019<strong>Ouganda<\/strong>, <strong>Oumarou Christopher<\/strong>, le coach des U20 du Cameroun pouvait faire tourner son effectif. C\u2019est ainsi que le tr\u00e8s attendu Etienne Eto\u2019o Pineda\u00a0\u00a0a \u00e9t\u00e9 titularis\u00e9 d\u2019entr\u00e9e face au <strong>Mozambique<\/strong>, sous le regard vigilant de <strong>Samuel Eto\u2019o<\/strong> qui ne loupe pas un match du Cameroun dans cette Can U20, disput\u00e9e en Mauritanie.<\/p>\n<p class=\"c9\">Depuis ses premiers pas sur les terrains du centre de formation de <strong>Majorque<\/strong>, un club o\u00f9 son p\u00e8re a \u00e9crit l\u2019une des plus belles pages, Etienne Eto\u2019o Pinada a souvent voulu faire comme son papa. Surtout pour le meilleur\u00a0: il a montr\u00e9 face au Mozambique, que le temp\u00e9rament peut se transmettre de p\u00e8re en fils. Dans une \u00e9quipe du Cameroun ayant des joueurs plus exp\u00e9riment\u00e9s que lui, il a eu le culot de prendre le ballon du coup-franc des 25 m\u00e8tres, d\u00e8s la 8<sup>\u00e8me<\/sup>\u00a0minute. La frappe enroul\u00e9e du pied droit, pleine lucarne, a fait sauter\u00a0\u00a0de joie son papa, qui pouvait difficilement faire mieux.<\/p>\n<p class=\"c9\">Sur l\u2019action du penalty, avec son charisme naturel, il s\u2019est empress\u00e9 de ramasser le ballon devant le regard m\u00e9dus\u00e9 de son capitaine qui voulait \u00e9galement s\u2019emparer du cuir. Comme dit l\u2019adage\u00a0: \u00ab\u00a0bon sang ne saurait mentir\u00a0\u00bb.\u00a0\u00a0Son sang-froid aidant, il a pris \u00e0 contrepied le gardien mozambicain. Positionn\u00e9 dans un r\u00f4le de meneur de jeu, le joueur form\u00e9 \u00e0 l\u2019\u00e9cole espagnol, il joue simple, en une touche. Si certains observateurs ont not\u00e9 son physique assez fr\u00eale, il compense ce l\u00e9ger handicap, par une belle technique. Il s\u2019est d\u2019ailleurs montr\u00e9 tr\u00e8s inspir\u00e9\u00a0\u00a0sur sa passe d\u00e9cisive du pied gauche qu\u2019il offre \u00e0\u00a0<strong>Kevin Prince Milla<\/strong>.\u00a0\u00a0A noter, cependant,\u00a0\u00a0que ce dernier n\u2019a aucun lien de parent\u00e9 avec <strong>Roger Milla<\/strong>, l\u2019autre l\u00e9gende du football Camerounais.<\/p>\n<p class=\"c9\">Face \u00e0 la presse, le polyglotte\u00a0Etienne Eto\u2019o Pineda, qui manie avec aisance le fran\u00e7ais, l\u2019espagnol et l\u2019anglais n\u2019a pas cach\u00e9 sa satisfaction.\u00a0: \u00ab\u00a0<em>Je suis tr\u00e8s heureux, d\u2019autant plus que nous avons termin\u00e9 la phase de groupes avec 9 points, encaiss\u00e9 un seul but en trois matchs et en marquant six. Je ne peux qu\u2019\u00eatre content de l\u2019\u00e9quipe, du travail de chacun de nous. Nous sommes 27 joueurs et nous sommes tous l\u00e0 pour tout donner pour le pays et c\u2019est un r\u00eave de pouvoir marquer dans un match avec l\u2019\u00e9quipe nationale et surtout d\u2019aider l\u2019\u00e9quipe, c\u2019est tr\u00e8s important. Quand j\u2019ai frapp\u00e9 (le coup-franc Ndlr), je ne savais pas que \u00e7a allait aller au fond. C\u2019\u00e9tait si t\u00f4t et c\u2019\u00e9tait presque ma premi\u00e8re balle que je touchais. Oui, j\u2019ai \u00e9t\u00e9 tr\u00e8s \u00e9mu. Ma famille, ma m\u00e8re, ma grand-m\u00e8re, mon grand-p\u00e8re, mon p\u00e8re, tout le monde, j\u2019ai pens\u00e9 \u00e0 eux et aussi au peuple camerounais. J\u2019\u00e9tais en larmes parce que c\u2019est vraiment \u00e9mouvant\u00a0\u00bb.<\/em><\/p>\n<p class=\"c9\">Ainsi donc,<strong>\u00a0<\/strong>Etienne Eto\u2019o Pineda veut marcher sur les traces de son p\u00e8re. Lui qui n\u2019avait pas pu jouer la derni\u00e8re Coupe du monde U17 en 2019 \u00e0 cause d\u2019un d\u00e9cret du chef de l\u2019Etat qui restreint cette cat\u00e9gorie aux joueurs locaux se sait tr\u00e8s attendu. A lui de montrer chaque fois qu\u2019il m\u00e9rite la confiance des s\u00e9lectionneurs. Chez les Eto\u2019o, la dynastie est en marche, \u00e0 condition de rester humble et surtout tr\u00e8s travailleur. Aux tr\u00e8s exigeants supporters des Lions d\u2019\u00e9viter chaque fois la comparaison avec son illustre p\u00e8re, afin que l\u2019attaquant de <strong>Real Oviedo<\/strong> trace lui-m\u00eame sa propre trajectoire, sans pression malsaine.<\/p>\n<\/div>\n<p>Auteur: Christian DJIMADEU<br \/>\n<a href=\"https:\/\/www.journalducameroun.com\/cameroun-etienne-etoo-pineda-tel-pere-quel-fils-cameroun\/\">Cliquez ici pour lire l&rsquo;article depuis sa source.<\/a><\/p>\n","protected":false},"excerpt":{"rendered":"<p>Publi\u00e9 le 22.02.2021 \u00e0 14h37 par Emile Zola Nd\u00e9 Tchoussi Le fils de la l\u00e9gende du football camerounais Samuel Eto\u2019o a \u00e9clabouss\u00e9 le match Cameroun-Mozambique (4-1), comptant pour la troisi\u00e8me journ\u00e9e de la Can U20 de tout son talent. Auteur de deux buts et d\u2019une passe d\u00e9cisive, le meneur de jeu des Lionceaux de 18 [&hellip;]<\/p>\n","protected":false},"author":1965,"featured_media":0,"comment_status":"closed","ping_status":"closed","sticky":false,"template":"","format":"standard","meta":{"fifu_image_url":"","fifu_image_alt":"","footnotes":""},"categories":[73,82],"tags":[],"class_list":["post-111828","post","type-post","status-publish","format-standard","hentry","category-actualite","category-cameroun"],"_links":{"self":[{"href":"https:\/\/linitiative.ca\/International\/wp-json\/wp\/v2\/posts\/111828","targetHints":{"allow":["GET"]}}],"collection":[{"href":"https:\/\/linitiative.ca\/International\/wp-json\/wp\/v2\/posts"}],"about":[{"href":"https:\/\/linitiative.ca\/International\/wp-json\/wp\/v2\/types\/post"}],"author":[{"embeddable":true,"href":"https:\/\/linitiative.ca\/International\/wp-json\/wp\/v2\/users\/1965"}],"replies":[{"embeddable":true,"href":"https:\/\/linitiative.ca\/International\/wp-json\/wp\/v2\/comments?post=111828"}],"version-history":[{"count":0,"href":"https:\/\/linitiative.ca\/International\/wp-json\/wp\/v2\/posts\/111828\/revisions"}],"wp:attachment":[{"href":"https:\/\/linitiative.ca\/International\/wp-json\/wp\/v2\/media?parent=111828"}],"wp:term":[{"taxonomy":"category","embeddable":true,"href":"https:\/\/linitiative.ca\/International\/wp-json\/wp\/v2\/categories?post=111828"},{"taxonomy":"post_tag","embeddable":true,"href":"https:\/\/linitiative.ca\/International\/wp-json\/wp\/v2\/tags?post=111828"}],"curies":[{"name":"wp","href":"https:\/\/api.w.org\/{rel}","templated":true}]}}