{"id":111831,"date":"2021-02-22T16:18:02","date_gmt":"2021-02-22T21:18:02","guid":{"rendered":"https:\/\/linitiative.ca\/International\/mali-adoption-du-plan-daction-du-gouvernement\/"},"modified":"2021-02-22T16:18:02","modified_gmt":"2021-02-22T21:18:02","slug":"mali-adoption-du-plan-daction-du-gouvernement","status":"publish","type":"post","link":"https:\/\/linitiative.ca\/International\/mali-adoption-du-plan-daction-du-gouvernement\/","title":{"rendered":"Mali : adoption du Plan d\u2019Action du Gouvernement"},"content":{"rendered":"<div readability=\"32\">\n<p>Publi\u00e9 le 22.02.2021 \u00e0 22h18 par APA News<\/p>\n<\/div>\n<div readability=\"82\">\n<p>Le Conseil National de Transition (CNT) a vot\u00e9, ce lundi, le principal r\u00e9f\u00e9rentiel des politiques publiques.Moctar Ouane tient sa boussole. Le Premier ministre, apr\u00e8s avoir pr\u00e9sent\u00e9 vendredi dernier le document devant le Conseil National de Transition, a \u00e9chang\u00e9 ce 22 f\u00e9vrier avec les membres de cet organe l\u00e9gislatif.<\/p>\n<p>Au terme des d\u00e9bats, le Plan d\u2019Action du Gouvernement (PAG) a \u00e9t\u00e9 approuv\u00e9 aujourd\u2019hui par 100 voix pour, 4 contre et 3 abstentions. Dans la foul\u00e9e, le chef du gouvernement \u00ab\u00a0a remerci\u00e9 les membres du CNT pour leur forte adh\u00e9sion au document \u00e0 travers ce vote sans appel \u00bb.<\/p>\n<p>Selon la Primature, le texte en question comporte 6 axes d\u00e9clin\u00e9s en 23 objectifs, adoss\u00e9s \u00e0 275 actions \u00e0 \u00e9valuer \u00e0 travers 291 indicateurs. L\u2019objectif, \u00e0 en croire M. Ouane, est que \u00ab le Mali se redresse et poursuive sa marche en avant\u00a0\u00bb.<\/p>\n<p>Parmi les priorit\u00e9s de l\u2019\u00e9quipe gouvernementale, il y a bien \u00e9videmment la question s\u00e9curitaire. \u00c0 cet effet, l\u2019ancien ministre des Affaires \u00e9trang\u00e8res a d\u00e9clar\u00e9 que \u00ab toutes les r\u00e9gions du Nord et du Centre sont concern\u00e9es par le processus de D\u00e9sarmement-D\u00e9mobilisation- R\u00e9insertion. Aucune r\u00e9gion ne sera exclue \u00bb.<\/p>\n<p>Moctar Ouane a aussi fait savoir que les autorit\u00e9s gouvernementales travaillent \u00ab \u00e0 la dissolution des milices (qui) se fera de fa\u00e7on progressive et pragmatique\u00a0\u00bb.<\/p>\n<p>S\u2019exprimant sur les moyens \u00e0 d\u00e9ployer pour un retour de la paix, le Pm a indiqu\u00e9 que \u00ab la loi de finances 2021 prend en compte la feuille de route de la Transition dont d\u00e9coule le Plan d\u2019Action du Gouvernement. Ainsi un montant de 310 milliards 920 millions F CFA est pr\u00e9vu pour notre outil de d\u00e9fense \u00bb.<\/p>\n<p>En outre, le Premier ministre a rappel\u00e9 que \u00ab les r\u00e9formes politiques et institutionnelles, (qui) sont une demande forte des Maliens, seront men\u00e9es en \u00e9troite collaboration avec les partis et groupements politiques et la soci\u00e9t\u00e9 civile \u00bb.<\/p>\n<p>Enfin, l\u2019ex-conseiller diplomatique \u00e0 l\u2019Union \u00e9conomique et mon\u00e9taire ouest-africaine (Uemoa) a pr\u00e9cis\u00e9 que \u00ab la dur\u00e9e de la transition est fix\u00e9e \u00e0 18 mois et le pr\u00e9sident Bah N\u2019Daw a clairement fait part de sa volont\u00e9 de respecter ces d\u00e9lais \u00bb.<\/p>\n<\/div>\n<p>Auteur: APA News<br \/>\n<a href=\"https:\/\/www.journalducameroun.com\/mali-adoption-du-plan-daction-du-gouvernement\/\">Cliquez ici pour lire l&rsquo;article depuis sa source.<\/a><\/p>\n","protected":false},"excerpt":{"rendered":"<p>Publi\u00e9 le 22.02.2021 \u00e0 22h18 par APA News Le Conseil National de Transition (CNT) a vot\u00e9, ce lundi, le principal r\u00e9f\u00e9rentiel des politiques publiques.Moctar Ouane tient sa boussole. Le Premier ministre, apr\u00e8s avoir pr\u00e9sent\u00e9 vendredi dernier le document devant le Conseil National de Transition, a \u00e9chang\u00e9 ce 22 f\u00e9vrier avec les membres de cet organe [&hellip;]<\/p>\n","protected":false},"author":1965,"featured_media":0,"comment_status":"closed","ping_status":"closed","sticky":false,"template":"","format":"standard","meta":{"fifu_image_url":"","fifu_image_alt":"","footnotes":""},"categories":[73,82],"tags":[],"class_list":["post-111831","post","type-post","status-publish","format-standard","hentry","category-actualite","category-cameroun"],"_links":{"self":[{"href":"https:\/\/linitiative.ca\/International\/wp-json\/wp\/v2\/posts\/111831","targetHints":{"allow":["GET"]}}],"collection":[{"href":"https:\/\/linitiative.ca\/International\/wp-json\/wp\/v2\/posts"}],"about":[{"href":"https:\/\/linitiative.ca\/International\/wp-json\/wp\/v2\/types\/post"}],"author":[{"embeddable":true,"href":"https:\/\/linitiative.ca\/International\/wp-json\/wp\/v2\/users\/1965"}],"replies":[{"embeddable":true,"href":"https:\/\/linitiative.ca\/International\/wp-json\/wp\/v2\/comments?post=111831"}],"version-history":[{"count":0,"href":"https:\/\/linitiative.ca\/International\/wp-json\/wp\/v2\/posts\/111831\/revisions"}],"wp:attachment":[{"href":"https:\/\/linitiative.ca\/International\/wp-json\/wp\/v2\/media?parent=111831"}],"wp:term":[{"taxonomy":"category","embeddable":true,"href":"https:\/\/linitiative.ca\/International\/wp-json\/wp\/v2\/categories?post=111831"},{"taxonomy":"post_tag","embeddable":true,"href":"https:\/\/linitiative.ca\/International\/wp-json\/wp\/v2\/tags?post=111831"}],"curies":[{"name":"wp","href":"https:\/\/api.w.org\/{rel}","templated":true}]}}