{"id":111833,"date":"2021-02-22T09:17:54","date_gmt":"2021-02-22T14:17:54","guid":{"rendered":"https:\/\/linitiative.ca\/International\/transport-aerien-la-compagnie-nationale-senegalaise-air-senegal-va-desservir-le-cameroun-a-compter-du-29-mars-2021\/"},"modified":"2021-02-22T09:17:54","modified_gmt":"2021-02-22T14:17:54","slug":"transport-aerien-la-compagnie-nationale-senegalaise-air-senegal-va-desservir-le-cameroun-a-compter-du-29-mars-2021","status":"publish","type":"post","link":"https:\/\/linitiative.ca\/International\/transport-aerien-la-compagnie-nationale-senegalaise-air-senegal-va-desservir-le-cameroun-a-compter-du-29-mars-2021\/","title":{"rendered":"Transport a\u00e9rien : La compagnie nationale s\u00e9n\u00e9galaise \u00ab Air S\u00e9n\u00e9gal \u00bb va desservir le Cameroun \u00e0 compter du 29 mars 2021"},"content":{"rendered":"<p>Dans la politique d\u2019expansion de son r\u00e9seau de transport a\u00e9rien, la compagnie nationale s\u00e9n\u00e9galaise \u00ab\u00a0Air S\u00e9n\u00e9gal\u00a0\u00bb envisage parmi ses nombreuses innovations au titre de l\u2019ann\u00e9e 2021, d\u2019ouvrir une escale \u00e0 Douala le 29 mars prochain, a annonc\u00e9 le Directeur Marketing et de D\u00e9veloppement de la compagnie, le Camerounais Ernest Dikoum.\u00a0<\/p>\n<p>\u00ab\u00a0La compagnie Air S\u00e9n\u00e9gal est en train de traverser comme toutes les autres compagnies, une p\u00e9riode assez difficile. Mais nous restons dans la r\u00e9silience et l\u2019innovation. Par rapport \u00e0 l\u2019ouverture des dessertes, il y a la desserte de Lyon qui devrait normalement ouvrir le 28 mars. Apr\u00e8s Lyon, le lendemain, nous allons ouvrir trois dessertes le m\u00eame jour\u00a0: celles de Cotonou, de Douala, et de Libreville\u00a0\u00bb, a \u00e9gren\u00e9 l\u2019ancien Directeur g\u00e9n\u00e9ral de la Cameroon Airlines Company (Camair-Co), dans un media s\u00e9n\u00e9galais.<\/p>\n<p><strong>Lire aussi<\/strong> : <a href=\"https:\/\/ecomatin.net\/transport-aerien-le-cameroun-ouvre-son-ciel-aux-emirats-arabes\/\">Transport a\u00e9rien : le Cameroun ouvre son ciel aux Emirats Arabes<\/a><\/p>\n<p>La compagnie nationale s\u00e9n\u00e9galaise va donc r\u00e9organiser ses dessertes vers l\u2019Afrique Centrale, notamment Douala et Libreville \u00e0 travers des vols r\u00e9guliers \u00e0 compter de la date susmentionn\u00e9e, elle qui n\u2019y op\u00e9rait jusque-l\u00e0 qu\u2019en vols de rapatriement et en vols Adhoc. A cet effet, \u00ab\u00a0<em>Air S\u00e9n\u00e9gal<\/em>\u00a0\u00bb envisage jusqu\u2019\u00e0 3 vols hebdomadaires au d\u00e9part de Dakar vers ces destinations. Ceci participe du renforcement par cette compagnie de son programme de vols au d\u00e9part de Dakar, tout juste apr\u00e8s l\u2019inauguration de sa nouvelle ligne internationale Dakar-Milan.<\/p>\n<p>La conqu\u00eate du march\u00e9 camerounais se fera dans un environnement tr\u00e8s concurrentiel, o\u00f9 22 compagnies a\u00e9riennes op\u00e8rent d\u00e9j\u00e0, d\u2019apr\u00e8s des donn\u00e9es de l\u2019Autorit\u00e9 A\u00e9ronautique du Cameroun. \u00ab\u00a0Air S\u00e9n\u00e9gal\u00a0\u00bb devra d\u00e9ployer tout son charme pour esp\u00e9rer gagner quelques parts de march\u00e9, forte des huit avions qui constituent sa flotte jusqu\u2019ici.<\/p>\n<p><strong>Lire aussi<\/strong> : <a href=\"https:\/\/ecomatin.net\/apres-son-limogeage-de-camair-co-ernest-dikoum-atterrit-a-air-senegal\/\">Apr\u00e8s son limogeage de Camair-co, Ernest Dikoum atterrit \u00e0 Air S\u00e9n\u00e9gal<\/a><\/p>\n<p>Auteur: Yannick KENNE<br \/>\n<a href=\"https:\/\/ecomatin.net\/transport-aerien-la-compagnie-nationale-senegalaise-air-senegal-va-desservir-le-cameroun-a-compter-du-29-mars-2021\/\">Cliquez ici pour lire l&rsquo;article depuis sa source.<\/a><\/p>\n","protected":false},"excerpt":{"rendered":"<p>Dans la politique d\u2019expansion de son r\u00e9seau de transport a\u00e9rien, la compagnie nationale s\u00e9n\u00e9galaise \u00ab\u00a0Air S\u00e9n\u00e9gal\u00a0\u00bb envisage parmi ses nombreuses innovations au titre de l\u2019ann\u00e9e 2021, d\u2019ouvrir une escale \u00e0 Douala le 29 mars prochain, a annonc\u00e9 le Directeur Marketing et de D\u00e9veloppement de la compagnie, le Camerounais Ernest Dikoum.\u00a0 \u00ab\u00a0La compagnie Air S\u00e9n\u00e9gal est [&hellip;]<\/p>\n","protected":false},"author":1969,"featured_media":0,"comment_status":"closed","ping_status":"closed","sticky":false,"template":"","format":"standard","meta":{"fifu_image_url":"","fifu_image_alt":"","footnotes":""},"categories":[82,78],"tags":[],"class_list":["post-111833","post","type-post","status-publish","format-standard","hentry","category-cameroun","category-economie"],"_links":{"self":[{"href":"https:\/\/linitiative.ca\/International\/wp-json\/wp\/v2\/posts\/111833","targetHints":{"allow":["GET"]}}],"collection":[{"href":"https:\/\/linitiative.ca\/International\/wp-json\/wp\/v2\/posts"}],"about":[{"href":"https:\/\/linitiative.ca\/International\/wp-json\/wp\/v2\/types\/post"}],"author":[{"embeddable":true,"href":"https:\/\/linitiative.ca\/International\/wp-json\/wp\/v2\/users\/1969"}],"replies":[{"embeddable":true,"href":"https:\/\/linitiative.ca\/International\/wp-json\/wp\/v2\/comments?post=111833"}],"version-history":[{"count":0,"href":"https:\/\/linitiative.ca\/International\/wp-json\/wp\/v2\/posts\/111833\/revisions"}],"wp:attachment":[{"href":"https:\/\/linitiative.ca\/International\/wp-json\/wp\/v2\/media?parent=111833"}],"wp:term":[{"taxonomy":"category","embeddable":true,"href":"https:\/\/linitiative.ca\/International\/wp-json\/wp\/v2\/categories?post=111833"},{"taxonomy":"post_tag","embeddable":true,"href":"https:\/\/linitiative.ca\/International\/wp-json\/wp\/v2\/tags?post=111833"}],"curies":[{"name":"wp","href":"https:\/\/api.w.org\/{rel}","templated":true}]}}